{"id":10006883,"global_id":"cultura.santjosep.org\/es\/?id=10006883","global_id_lineage":["cultura.santjosep.org\/es\/?id=10006883"],"author":"1","status":"publish","date":"2022-09-19 12:47:45","date_utc":"2022-09-19 10:47:45","modified":"2022-09-19 13:14:15","modified_utc":"2022-09-19 11:14:15","url":"https:\/\/cultura.santjosep.org\/es\/agenda\/marcha-nordica-22-23\/2023-03-12\/","rest_url":"https:\/\/cultura.santjosep.org\/es\/wp-json\/tribe\/events\/v1\/events\/10006883","title":"Marcha N\u00f3rdica 22\/23","description":"<p>Las personas interesadas podr\u00e1n dirigirse a los dos puntos de inscripci\u00f3n: la Piscina Municipal de Sant Josep (971 801 504) y el Polideportivo Can Guerxo (971 308 286), a pesar de que tambi\u00e9n pueden hacerlo asistiendo en su punto de salida 30 minutos antes del inicio de cada caminata.<\/p>\n<p>Para facilitar las rutas, los bastones de marcha n\u00f3rdica ser\u00e1n de os obligatorio. El Ayuntamiento los proporcionar\u00e1 a todos aquellos que no dispongan antes de hacer la salida.<\/p>\n<p>La asistencia de perros no esta permitida<\/p>\n<p>Para participar en las excursiones ser\u00e1 necesaria la inscripci\u00f3n previa.<\/p>\n<p><img loading=\"lazy\" decoding=\"async\" class=\"alignnone size-full wp-image-14322\" src=\"https:\/\/cultura.santjosep.org\/wp-content\/uploads\/2022\/09\/WhatsApp-Image-2022-09-19-at-12.06.23-PM.jpeg\" alt=\"\" width=\"1134\" height=\"1600\" srcset=\"https:\/\/cultura.santjosep.org\/wp-content\/uploads\/2022\/09\/WhatsApp-Image-2022-09-19-at-12.06.23-PM.jpeg 1134w, https:\/\/cultura.santjosep.org\/wp-content\/uploads\/2022\/09\/WhatsApp-Image-2022-09-19-at-12.06.23-PM-213x300.jpeg 213w, https:\/\/cultura.santjosep.org\/wp-content\/uploads\/2022\/09\/WhatsApp-Image-2022-09-19-at-12.06.23-PM-726x1024.jpeg 726w, https:\/\/cultura.santjosep.org\/wp-content\/uploads\/2022\/09\/WhatsApp-Image-2022-09-19-at-12.06.23-PM-768x1084.jpeg 768w, https:\/\/cultura.santjosep.org\/wp-content\/uploads\/2022\/09\/WhatsApp-Image-2022-09-19-at-12.06.23-PM-1089x1536.jpeg 1089w\" sizes=\"auto, (max-width: 1134px) 100vw, 1134px\" \/><\/p>","excerpt":"","slug":"marcha-nordica-22-23","image":{"url":"https:\/\/cultura.santjosep.org\/wp-content\/uploads\/2022\/09\/nordicwalking.jpg","id":14325,"extension":"jpg","width":2000,"height":1500,"sizes":{"medium":{"width":300,"height":225,"mime-type":"image\/jpeg","url":"https:\/\/cultura.santjosep.org\/wp-content\/uploads\/2022\/09\/nordicwalking-300x225.jpg"},"large":{"width":1024,"height":768,"mime-type":"image\/jpeg","url":"https:\/\/cultura.santjosep.org\/wp-content\/uploads\/2022\/09\/nordicwalking-1024x768.jpg"},"thumbnail":{"width":150,"height":150,"mime-type":"image\/jpeg","url":"https:\/\/cultura.santjosep.org\/wp-content\/uploads\/2022\/09\/nordicwalking-150x150.jpg"},"medium_large":{"width":768,"height":576,"mime-type":"image\/jpeg","url":"https:\/\/cultura.santjosep.org\/wp-content\/uploads\/2022\/09\/nordicwalking-768x576.jpg"},"1536x1536":{"width":1536,"height":1152,"mime-type":"image\/jpeg","url":"https:\/\/cultura.santjosep.org\/wp-content\/uploads\/2022\/09\/nordicwalking-1536x1152.jpg"},"post-thumbnail":{"width":1568,"height":1176,"mime-type":"image\/jpeg","url":"https:\/\/cultura.santjosep.org\/wp-content\/uploads\/2022\/09\/nordicwalking-1568x1176.jpg"},"mailpoet_newsletter_max":{"width":1320,"height":990,"mime-type":"image\/jpeg","url":"https:\/\/cultura.santjosep.org\/wp-content\/uploads\/2022\/09\/nordicwalking-1320x990.jpg"},"cmplz_banner_image":{"width":350,"height":100,"mime-type":"image\/jpeg","url":"https:\/\/cultura.santjosep.org\/wp-content\/uploads\/2022\/09\/nordicwalking-350x100.jpg"}}},"all_day":false,"start_date":"2023-03-12 10:00:00","start_date_details":{"year":"2023","month":"03","day":"12","hour":"10","minutes":"00","seconds":"00"},"end_date":"2023-03-12 10:00:00","end_date_details":{"year":"2023","month":"03","day":"12","hour":"10","minutes":"00","seconds":"00"},"utc_start_date":"2023-03-12 09:00:00","utc_start_date_details":{"year":"2023","month":"03","day":"12","hour":"09","minutes":"00","seconds":"00"},"utc_end_date":"2023-03-12 09:00:00","utc_end_date_details":{"year":"2023","month":"03","day":"12","hour":"09","minutes":"00","seconds":"00"},"timezone":"Europe\/Madrid","timezone_abbr":"CEST","cost":"","cost_details":{"currency_symbol":"","currency_code":"","currency_position":"suffix","values":[]},"website":"","show_map":true,"show_map_link":true,"hide_from_listings":false,"sticky":false,"featured":false,"categories":[{"name":"Deportes","slug":"deportes","term_group":0,"term_taxonomy_id":67,"taxonomy":"tribe_events_cat","description":"","parent":0,"count":32,"filter":"raw","id":67,"urls":{"self":"https:\/\/cultura.santjosep.org\/es\/wp-json\/tribe\/events\/v1\/categories\/67","collection":"https:\/\/cultura.santjosep.org\/es\/wp-json\/tribe\/events\/v1\/categories"}}],"tags":[],"venue":{"id":4312,"author":"1","status":"publish","date":"2020-12-01 09:36:13","date_utc":"2020-12-01 08:36:13","modified":"2020-12-01 09:36:13","modified_utc":"2020-12-01 08:36:13","url":"https:\/\/cultura.santjosep.org\/local\/sant-josep-de-sa-talaia\/","venue":"Sant Josep de sa Talaia","slug":"sant-josep-de-sa-talaia","city":"Sant Josep de Sa Talaia","country":"Espa\u00f1a","json_ld":{"@type":"Place","name":"Sant Josep de sa Talaia","description":"","url":"https:\/\/cultura.santjosep.org\/local\/sant-josep-de-sa-talaia\/","address":{"@type":"PostalAddress","addressLocality":"Sant Josep de Sa Talaia","addressCountry":"Espa\u00f1a"},"telephone":"","sameAs":""},"show_map":true,"show_map_link":true,"global_id":"cultura.santjosep.org\/es\/?id=4312","global_id_lineage":["cultura.santjosep.org\/es\/?id=4312"]},"organizer":[],"custom_fields":[],"json_ld":{"@context":"http:\/\/schema.org","@type":"Event","name":"Marcha N\u00f3rdica 22\/23","description":"&lt;p&gt;Las personas interesadas podr\u00e1n dirigirse a los dos puntos de inscripci\u00f3n: la Piscina Municipal de Sant Josep (971 801 504) y el Polideportivo Can Guerxo (971 308 286), a pesar &hellip; &lt;\/p&gt;\\n&lt;p class=&quot;link-more&quot;&gt;&lt;a href=&quot;https:\/\/cultura.santjosep.org\/es\/agenda\/marcha-nordica-22-23\/2023-03-12\/&quot; class=&quot;more-link&quot;&gt;Seguir leyendo&lt;span class=&quot;screen-reader-text&quot;&gt; \u00abMarcha N\u00f3rdica 22\/23\u00bb&lt;\/span&gt;&lt;\/a&gt;&lt;\/p&gt;\\n","image":"https:\/\/cultura.santjosep.org\/wp-content\/uploads\/2022\/09\/nordicwalking.jpg","url":"https:\/\/cultura.santjosep.org\/es\/agenda\/marcha-nordica-22-23\/2023-03-12\/","eventAttendanceMode":"https:\/\/schema.org\/OfflineEventAttendanceMode","eventStatus":"https:\/\/schema.org\/EventScheduled","startDate":"2023-03-12T10:00:00+01:00","endDate":"2023-03-12T10:00:00+01:00","location":{"@type":"Place","name":"Sant Josep de sa Talaia","description":"","url":"https:\/\/cultura.santjosep.org\/local\/sant-josep-de-sa-talaia\/","address":{"@type":"PostalAddress","addressLocality":"Sant Josep de Sa Talaia","addressCountry":"Espa\u00f1a"},"telephone":"","sameAs":""},"performer":"Organization"},"is_virtual":false,"virtual_url":null,"virtual_video_source":""}