{"id":10460,"global_id":"cultura.santjosep.org\/es\/?id=10460","global_id_lineage":["cultura.santjosep.org\/es\/?id=10460"],"author":"1","status":"publish","date":"2022-01-27 16:30:35","date_utc":"2022-01-27 15:30:35","modified":"2022-02-04 10:59:02","modified_utc":"2022-02-04 09:59:02","url":"https:\/\/cultura.santjosep.org\/es\/agenda\/cinema-maktub\/","rest_url":"https:\/\/cultura.santjosep.org\/es\/wp-json\/tribe\/events\/v1\/events\/10460","title":"Cinema \u00abMaktub\u00bb","description":"<p><strong>\u00abMaktub\u00bb | VOSE | 2011 | Dins del programa \u00ab<a href=\"https:\/\/cultura.santjosep.org\/es\/agenda\/category\/sant-josep-contra-el-cancer-es\/\" target=\"_blank\" rel=\"noopener\">Sant Josep contra el C\u00e0ncer<\/a>\u00bb<br \/>\n<\/strong><\/p>\n<p><strong>Duraci\u00f3:<\/strong> 113 min. Espanya<br \/>\n<strong>Direcci\u00f3:<\/strong> Paco Arango<br \/>\n<strong>Sinopsi: <\/strong>Manolo est\u00e0 en plena crisi. La rutina a la feina li resulta insuportable, el seu matrimoni amb Beatriz \u00e9s al caire del caos i la relaci\u00f3 amb els fills no \u00e9s millar. Fins que coneix a Antonio, un al\u2000lot de 15 anys amb c\u00e0ncer que li canviar\u00e0 la manera d&#8217;entendre la vida.<br \/>\n<strong><br \/>\nEntrada lliure fins a completar aforament.<\/strong><\/p>\n<p><img loading=\"lazy\" decoding=\"async\" class=\"alignnone wp-image-10462 size-full\" src=\"https:\/\/cultura.santjosep.org\/wp-content\/uploads\/2022\/01\/maktub-948098714-large.jpg\" alt=\"\" width=\"825\" height=\"1200\" srcset=\"https:\/\/cultura.santjosep.org\/wp-content\/uploads\/2022\/01\/maktub-948098714-large.jpg 825w, https:\/\/cultura.santjosep.org\/wp-content\/uploads\/2022\/01\/maktub-948098714-large-206x300.jpg 206w, https:\/\/cultura.santjosep.org\/wp-content\/uploads\/2022\/01\/maktub-948098714-large-704x1024.jpg 704w, https:\/\/cultura.santjosep.org\/wp-content\/uploads\/2022\/01\/maktub-948098714-large-768x1117.jpg 768w\" sizes=\"auto, (max-width: 825px) 100vw, 825px\" \/><\/p>","excerpt":"","slug":"cinema-maktub","image":{"url":"https:\/\/cultura.santjosep.org\/wp-content\/uploads\/2022\/01\/Maktub.webp","id":10613,"extension":"webp","width":1450,"height":966,"sizes":{"medium":{"width":300,"height":200,"mime-type":"image\/webp","url":"https:\/\/cultura.santjosep.org\/wp-content\/uploads\/2022\/01\/Maktub-300x200.webp"},"large":{"width":1024,"height":682,"mime-type":"image\/webp","url":"https:\/\/cultura.santjosep.org\/wp-content\/uploads\/2022\/01\/Maktub-1024x682.webp"},"thumbnail":{"width":150,"height":150,"mime-type":"image\/webp","url":"https:\/\/cultura.santjosep.org\/wp-content\/uploads\/2022\/01\/Maktub-150x150.webp"},"medium_large":{"width":768,"height":512,"mime-type":"image\/webp","url":"https:\/\/cultura.santjosep.org\/wp-content\/uploads\/2022\/01\/Maktub-768x512.webp"},"mailpoet_newsletter_max":{"width":1320,"height":879,"mime-type":"image\/webp","url":"https:\/\/cultura.santjosep.org\/wp-content\/uploads\/2022\/01\/Maktub-1320x879.webp"}}},"all_day":false,"start_date":"2022-02-04 20:00:00","start_date_details":{"year":"2022","month":"02","day":"04","hour":"20","minutes":"00","seconds":"00"},"end_date":"2022-02-04 20:00:00","end_date_details":{"year":"2022","month":"02","day":"04","hour":"20","minutes":"00","seconds":"00"},"utc_start_date":"2022-02-04 19:00:00","utc_start_date_details":{"year":"2022","month":"02","day":"04","hour":"19","minutes":"00","seconds":"00"},"utc_end_date":"2022-02-04 19:00:00","utc_end_date_details":{"year":"2022","month":"02","day":"04","hour":"19","minutes":"00","seconds":"00"},"timezone":"Europe\/Madrid","timezone_abbr":"CET","cost":"","cost_details":{"currency_symbol":"","currency_code":"","currency_position":"suffix","values":[]},"website":"","show_map":true,"show_map_link":true,"hide_from_listings":false,"sticky":false,"featured":false,"categories":[],"tags":[],"venue":{"id":284,"author":"1","status":"publish","date":"2020-10-05 12:35:53","date_utc":"2020-10-05 10:35:53","modified":"2020-10-06 18:35:05","modified_utc":"2020-10-06 16:35:05","url":"https:\/\/cultura.santjosep.org\/es\/local\/centro-de-cultura-can-jeroni\/","venue":"Centro de Cultura Can Jeroni","description":"<p><img loading=\"lazy\" decoding=\"async\" class=\"alignnone wp-image-60 size-large\" src=\"https:\/\/cultura.santjosep.org\/wp-content\/uploads\/2020\/10\/can-jeroni-fachada-trasera-1024x683.jpg\" alt=\"\" width=\"640\" height=\"427\" srcset=\"https:\/\/cultura.santjosep.org\/wp-content\/uploads\/2020\/10\/can-jeroni-fachada-trasera-1024x683.jpg 1024w, https:\/\/cultura.santjosep.org\/wp-content\/uploads\/2020\/10\/can-jeroni-fachada-trasera-300x200.jpg 300w, https:\/\/cultura.santjosep.org\/wp-content\/uploads\/2020\/10\/can-jeroni-fachada-trasera-768x512.jpg 768w, https:\/\/cultura.santjosep.org\/wp-content\/uploads\/2020\/10\/can-jeroni-fachada-trasera-1536x1024.jpg 1536w, https:\/\/cultura.santjosep.org\/wp-content\/uploads\/2020\/10\/can-jeroni-fachada-trasera-2048x1365.jpg 2048w, https:\/\/cultura.santjosep.org\/wp-content\/uploads\/2020\/10\/can-jeroni-fachada-trasera-1568x1045.jpg 1568w, https:\/\/cultura.santjosep.org\/wp-content\/uploads\/2020\/10\/can-jeroni-fachada-trasera-450x300.jpg 450w\" sizes=\"auto, (max-width: 640px) 100vw, 640px\" \/><\/p>","slug":"centro-de-cultura-can-jeroni","image":{"url":"https:\/\/cultura.santjosep.org\/wp-content\/uploads\/2020\/10\/logo_canjeroni.png","id":2671,"extension":"png","width":1107,"height":507,"sizes":{"medium":{"width":300,"height":137,"mime-type":"image\/png","url":"https:\/\/cultura.santjosep.org\/wp-content\/uploads\/2020\/10\/logo_canjeroni-300x137.png"},"large":{"width":1024,"height":469,"mime-type":"image\/png","url":"https:\/\/cultura.santjosep.org\/wp-content\/uploads\/2020\/10\/logo_canjeroni-1024x469.png"},"thumbnail":{"width":150,"height":150,"mime-type":"image\/png","url":"https:\/\/cultura.santjosep.org\/wp-content\/uploads\/2020\/10\/logo_canjeroni-150x150.png"},"medium_large":{"width":768,"height":352,"mime-type":"image\/png","url":"https:\/\/cultura.santjosep.org\/wp-content\/uploads\/2020\/10\/logo_canjeroni-768x352.png"},"woocommerce_thumbnail":{"width":300,"height":300,"mime-type":"image\/png","url":"https:\/\/cultura.santjosep.org\/wp-content\/uploads\/2020\/10\/logo_canjeroni-300x300.png"},"woocommerce_single":{"width":450,"height":206,"mime-type":"image\/png","url":"https:\/\/cultura.santjosep.org\/wp-content\/uploads\/2020\/10\/logo_canjeroni-450x206.png"},"woocommerce_gallery_thumbnail":{"width":100,"height":100,"mime-type":"image\/png","url":"https:\/\/cultura.santjosep.org\/wp-content\/uploads\/2020\/10\/logo_canjeroni-100x100.png"},"shop_catalog":{"width":300,"height":300,"mime-type":"image\/png","url":"https:\/\/cultura.santjosep.org\/wp-content\/uploads\/2020\/10\/logo_canjeroni-300x300.png"},"shop_single":{"width":450,"height":206,"mime-type":"image\/png","url":"https:\/\/cultura.santjosep.org\/wp-content\/uploads\/2020\/10\/logo_canjeroni-450x206.png"},"shop_thumbnail":{"width":100,"height":100,"mime-type":"image\/png","url":"https:\/\/cultura.santjosep.org\/wp-content\/uploads\/2020\/10\/logo_canjeroni-100x100.png"}}},"address":"Carrer sa Talaia, 16","city":"Sant Josep de sa Talaia","country":"Espa\u00f1a","province":"Illes Balears","zip":"07830","phone":"971 801 513","website":"https:\/\/www.facebook.com\/CanJeronicentredecultura\/","stateprovince":"Illes Balears","geo_lat":38.921593999999998914063326083123683929443359375,"geo_lng":1.2927750000000000074606987254810519516468048095703125,"json_ld":{"@type":"Place","name":"Centro de Cultura Can Jeroni","description":"","image":"https:\/\/cultura.santjosep.org\/wp-content\/uploads\/2020\/10\/logo_canjeroni.png","url":"https:\/\/cultura.santjosep.org\/es\/local\/centro-de-cultura-can-jeroni\/","address":{"@type":"PostalAddress","streetAddress":"Carrer sa Talaia, 16","addressLocality":"Sant Josep de sa Talaia","addressRegion":"Illes Balears","postalCode":"07830","addressCountry":"Espa\u00f1a"},"geo":{"@type":"GeoCoordinates","latitude":38.921593999999998914063326083123683929443359375,"longitude":1.2927750000000000074606987254810519516468048095703125},"telephone":"971 801 513","sameAs":"https:\/\/www.facebook.com\/CanJeronicentredecultura\/"},"show_map":true,"show_map_link":true,"global_id":"cultura.santjosep.org\/es\/?id=284","global_id_lineage":["cultura.santjosep.org\/es\/?id=284"]},"organizer":[],"custom_fields":[],"json_ld":{"@context":"http:\/\/schema.org","@type":"Event","name":"Cinema \u00abMaktub\u00bb","description":"&lt;p&gt;\u00abMaktub\u00bb | VOSE | 2011 | Dins del programa &quot;Sant Josep contra el C\u00e0ncer&quot; Duraci\u00f3: 113 min. Espanya Direcci\u00f3: Paco Arango Sinopsi: Manolo est\u00e0 en plena crisi. La rutina a &hellip; &lt;\/p&gt;\\n&lt;p class=&quot;link-more&quot;&gt;&lt;a href=&quot;https:\/\/cultura.santjosep.org\/es\/agenda\/cinema-maktub\/&quot; class=&quot;more-link&quot;&gt;Seguir leyendo&lt;span class=&quot;screen-reader-text&quot;&gt; \u00abCinema \u00abMaktub\u00bb\u00bb&lt;\/span&gt;&lt;\/a&gt;&lt;\/p&gt;\\n","image":"https:\/\/cultura.santjosep.org\/wp-content\/uploads\/2022\/01\/Maktub.webp","url":"https:\/\/cultura.santjosep.org\/es\/agenda\/cinema-maktub\/","eventAttendanceMode":"https:\/\/schema.org\/OfflineEventAttendanceMode","eventStatus":"https:\/\/schema.org\/EventScheduled","startDate":"2022-02-04T20:00:00+01:00","endDate":"2022-02-04T20:00:00+01:00","location":{"@type":"Place","name":"Centro de Cultura Can Jeroni","description":"","image":"https:\/\/cultura.santjosep.org\/wp-content\/uploads\/2020\/10\/logo_canjeroni.png","url":"https:\/\/cultura.santjosep.org\/es\/local\/centro-de-cultura-can-jeroni\/","address":{"@type":"PostalAddress","streetAddress":"Carrer sa Talaia, 16","addressLocality":"Sant Josep de sa Talaia","addressRegion":"Illes Balears","postalCode":"07830","addressCountry":"Espa\u00f1a"},"geo":{"@type":"GeoCoordinates","latitude":38.921593999999998914063326083123683929443359375,"longitude":1.2927750000000000074606987254810519516468048095703125},"telephone":"971 801 513","sameAs":"https:\/\/www.facebook.com\/CanJeronicentredecultura\/"},"performer":"Organization"},"is_virtual":false,"virtual_url":null,"virtual_video_source":""}