{"id":10811,"global_id":"cultura.santjosep.org\/es\/?id=10811","global_id_lineage":["cultura.santjosep.org\/es\/?id=10811"],"author":"1","status":"publish","date":"2022-02-23 12:40:16","date_utc":"2022-02-23 11:40:16","modified":"2022-02-23 12:40:16","modified_utc":"2022-02-23 11:40:16","url":"https:\/\/cultura.santjosep.org\/es\/agenda\/cuentos-desenvueltos-a-carrec-de-mundomandarina-2\/","rest_url":"https:\/\/cultura.santjosep.org\/es\/wp-json\/tribe\/events\/v1\/events\/10811","title":"\u2018Cuentos desenvueltos\u2019 a c\u00e0rrec de Mundomandarina","description":"<p>\u2018Cuentos desenvueltos\u2019 per a promoure la igualtat i el respecte mutus.<br \/>\nA c\u00e0rrec de Mundomandarina. Dirigit a infants de 4 a 10 anys i p\u00fablic familiar.<br \/>\n&#8211; 7 de mar\u00e7 a les 17.30 h Biblioteca de Sant Josep de sa Talaia<br \/>\n&#8211; 9 de mar\u00e7 a les 17.00 h Biblioteca de Cala de Bou<\/p>","excerpt":"","slug":"cuentos-desenvueltos-a-carrec-de-mundomandarina-2","image":{"url":"https:\/\/cultura.santjosep.org\/wp-content\/uploads\/2022\/02\/993638_150815221788394_49451919_n.jpg","id":10805,"extension":"jpg","width":771,"height":509,"sizes":{"medium":{"width":300,"height":198,"mime-type":"image\/jpeg","url":"https:\/\/cultura.santjosep.org\/wp-content\/uploads\/2022\/02\/993638_150815221788394_49451919_n-300x198.jpg"},"thumbnail":{"width":150,"height":150,"mime-type":"image\/jpeg","url":"https:\/\/cultura.santjosep.org\/wp-content\/uploads\/2022\/02\/993638_150815221788394_49451919_n-150x150.jpg"},"medium_large":{"width":768,"height":507,"mime-type":"image\/jpeg","url":"https:\/\/cultura.santjosep.org\/wp-content\/uploads\/2022\/02\/993638_150815221788394_49451919_n-768x507.jpg"}}},"all_day":false,"start_date":"2022-03-09 17:00:00","start_date_details":{"year":"2022","month":"03","day":"09","hour":"17","minutes":"00","seconds":"00"},"end_date":"2022-03-09 17:00:00","end_date_details":{"year":"2022","month":"03","day":"09","hour":"17","minutes":"00","seconds":"00"},"utc_start_date":"2022-03-09 16:00:00","utc_start_date_details":{"year":"2022","month":"03","day":"09","hour":"16","minutes":"00","seconds":"00"},"utc_end_date":"2022-03-09 16:00:00","utc_end_date_details":{"year":"2022","month":"03","day":"09","hour":"16","minutes":"00","seconds":"00"},"timezone":"Europe\/Madrid","timezone_abbr":"CET","cost":"","cost_details":{"currency_symbol":"","currency_code":"","currency_position":"suffix","values":[]},"website":"","show_map":true,"show_map_link":true,"hide_from_listings":false,"sticky":false,"featured":false,"categories":[{"name":"Dia de la mujer","slug":"dia-de-la-mujer","term_group":0,"term_taxonomy_id":116,"taxonomy":"tribe_events_cat","description":"","parent":0,"count":37,"filter":"raw","id":116,"urls":{"self":"https:\/\/cultura.santjosep.org\/es\/wp-json\/tribe\/events\/v1\/categories\/116","collection":"https:\/\/cultura.santjosep.org\/es\/wp-json\/tribe\/events\/v1\/categories"}}],"tags":[],"venue":{"id":4791,"author":"1","status":"publish","date":"2020-12-04 12:30:37","date_utc":"2020-12-04 11:30:37","modified":"2020-12-04 12:30:37","modified_utc":"2020-12-04 11:30:37","url":"https:\/\/cultura.santjosep.org\/local\/biblioteca-cala-de-bou\/","venue":"Biblioteca Cala de Bou","slug":"biblioteca-cala-de-bou","city":"Sant Josep de Sa Talaia","country":"Espa\u00f1a","json_ld":{"@type":"Place","name":"Biblioteca Cala de Bou","description":"","url":"https:\/\/cultura.santjosep.org\/local\/biblioteca-cala-de-bou\/","address":{"@type":"PostalAddress","addressLocality":"Sant Josep de Sa Talaia","addressCountry":"Espa\u00f1a"},"telephone":"","sameAs":""},"show_map":true,"show_map_link":true,"global_id":"cultura.santjosep.org\/es\/?id=4791","global_id_lineage":["cultura.santjosep.org\/es\/?id=4791"]},"organizer":[],"custom_fields":[],"json_ld":{"@context":"http:\/\/schema.org","@type":"Event","name":"\u2018Cuentos desenvueltos\u2019 a c\u00e0rrec de Mundomandarina","description":"&lt;p&gt;\u2018Cuentos desenvueltos\u2019 per a promoure la igualtat i el respecte mutus. A c\u00e0rrec de Mundomandarina. Dirigit a infants de 4 a 10 anys i p\u00fablic familiar. - 7 de mar\u00e7 &hellip; &lt;\/p&gt;\\n&lt;p class=&quot;link-more&quot;&gt;&lt;a href=&quot;https:\/\/cultura.santjosep.org\/es\/agenda\/cuentos-desenvueltos-a-carrec-de-mundomandarina-2\/&quot; class=&quot;more-link&quot;&gt;Seguir leyendo&lt;span class=&quot;screen-reader-text&quot;&gt; \u00ab\u2018Cuentos desenvueltos\u2019 a c\u00e0rrec de Mundomandarina\u00bb&lt;\/span&gt;&lt;\/a&gt;&lt;\/p&gt;\\n","image":"https:\/\/cultura.santjosep.org\/wp-content\/uploads\/2022\/02\/993638_150815221788394_49451919_n.jpg","url":"https:\/\/cultura.santjosep.org\/es\/agenda\/cuentos-desenvueltos-a-carrec-de-mundomandarina-2\/","eventAttendanceMode":"https:\/\/schema.org\/OfflineEventAttendanceMode","eventStatus":"https:\/\/schema.org\/EventScheduled","startDate":"2022-03-09T17:00:00+01:00","endDate":"2022-03-09T17:00:00+01:00","location":{"@type":"Place","name":"Biblioteca Cala de Bou","description":"","url":"https:\/\/cultura.santjosep.org\/local\/biblioteca-cala-de-bou\/","address":{"@type":"PostalAddress","addressLocality":"Sant Josep de Sa Talaia","addressCountry":"Espa\u00f1a"},"telephone":"","sameAs":""},"performer":"Organization"},"is_virtual":false,"virtual_url":null,"virtual_video_source":""}