{"id":11107,"global_id":"cultura.santjosep.org\/es\/?id=11107","global_id_lineage":["cultura.santjosep.org\/es\/?id=11107"],"author":"1","status":"publish","date":"2022-03-02 15:46:19","date_utc":"2022-03-02 14:46:19","modified":"2022-03-02 15:46:19","modified_utc":"2022-03-02 14:46:19","url":"https:\/\/cultura.santjosep.org\/es\/agenda\/cinema-infantil-salvar-el-arbol\/","rest_url":"https:\/\/cultura.santjosep.org\/es\/wp-json\/tribe\/events\/v1\/events\/11107","title":"Cinema infantil &#8211; &#8216;Salvar el \u00e1rbol&#8217;","description":"<p>18.00 h Cinema infantil amb motiu de la celebraci\u00f3 del Dia Mundial del Clima.<br \/>\n&#8216;Salvar el \u00e1rbol&#8217;. 2021. Duraci\u00f3: 74 min. Espanya.<br \/>\nDirecci\u00f3: lker \u00c1lvarez i Haizea Pastor.<\/p>\n<p>Al Centre de Cultura Can Jeroni.<br \/>\nEntrada lliure fins a completar cabuda.<\/p>\n<p><img loading=\"lazy\" decoding=\"async\" class=\"alignnone wp-image-11103 size-full\" src=\"https:\/\/cultura.santjosep.org\/wp-content\/uploads\/2022\/03\/salvar_el_arbol.jpg\" alt=\"\" width=\"832\" height=\"1200\" srcset=\"https:\/\/cultura.santjosep.org\/wp-content\/uploads\/2022\/03\/salvar_el_arbol.jpg 832w, https:\/\/cultura.santjosep.org\/wp-content\/uploads\/2022\/03\/salvar_el_arbol-208x300.jpg 208w, https:\/\/cultura.santjosep.org\/wp-content\/uploads\/2022\/03\/salvar_el_arbol-710x1024.jpg 710w, https:\/\/cultura.santjosep.org\/wp-content\/uploads\/2022\/03\/salvar_el_arbol-768x1108.jpg 768w\" sizes=\"auto, (max-width: 832px) 100vw, 832px\" \/><\/p>","excerpt":"","slug":"cinema-infantil-salvar-el-arbol","image":{"url":"https:\/\/cultura.santjosep.org\/wp-content\/uploads\/2022\/03\/Salvarelrbol1.jpg","id":11102,"extension":"jpg","width":800,"height":500,"sizes":{"medium":{"width":300,"height":188,"mime-type":"image\/jpeg","url":"https:\/\/cultura.santjosep.org\/wp-content\/uploads\/2022\/03\/Salvarelrbol1-300x188.jpg"},"thumbnail":{"width":150,"height":150,"mime-type":"image\/jpeg","url":"https:\/\/cultura.santjosep.org\/wp-content\/uploads\/2022\/03\/Salvarelrbol1-150x150.jpg"},"medium_large":{"width":768,"height":480,"mime-type":"image\/jpeg","url":"https:\/\/cultura.santjosep.org\/wp-content\/uploads\/2022\/03\/Salvarelrbol1-768x480.jpg"}}},"all_day":false,"start_date":"2022-03-26 18:00:00","start_date_details":{"year":"2022","month":"03","day":"26","hour":"18","minutes":"00","seconds":"00"},"end_date":"2022-03-26 18:00:00","end_date_details":{"year":"2022","month":"03","day":"26","hour":"18","minutes":"00","seconds":"00"},"utc_start_date":"2022-03-26 17:00:00","utc_start_date_details":{"year":"2022","month":"03","day":"26","hour":"17","minutes":"00","seconds":"00"},"utc_end_date":"2022-03-26 17:00:00","utc_end_date_details":{"year":"2022","month":"03","day":"26","hour":"17","minutes":"00","seconds":"00"},"timezone":"Europe\/Madrid","timezone_abbr":"CET","cost":"","cost_details":{"currency_symbol":"","currency_code":"","currency_position":"suffix","values":[]},"website":"","show_map":true,"show_map_link":true,"hide_from_listings":false,"sticky":false,"featured":false,"categories":[{"name":"Cine","slug":"cine","term_group":0,"term_taxonomy_id":30,"taxonomy":"tribe_events_cat","description":"","parent":0,"count":211,"filter":"raw","id":30,"urls":{"self":"https:\/\/cultura.santjosep.org\/es\/wp-json\/tribe\/events\/v1\/categories\/30","collection":"https:\/\/cultura.santjosep.org\/es\/wp-json\/tribe\/events\/v1\/categories"}},{"name":"Festes Sant Josep 2022","slug":"festes-sant-josep-2022-es","term_group":0,"term_taxonomy_id":118,"taxonomy":"tribe_events_cat","description":"","parent":0,"count":39,"filter":"raw","id":118,"urls":{"self":"https:\/\/cultura.santjosep.org\/es\/wp-json\/tribe\/events\/v1\/categories\/118","collection":"https:\/\/cultura.santjosep.org\/es\/wp-json\/tribe\/events\/v1\/categories"}},{"name":"Infantil","slug":"infantil-es","term_group":0,"term_taxonomy_id":92,"taxonomy":"tribe_events_cat","description":"","parent":0,"count":290,"filter":"raw","id":92,"urls":{"self":"https:\/\/cultura.santjosep.org\/es\/wp-json\/tribe\/events\/v1\/categories\/92","collection":"https:\/\/cultura.santjosep.org\/es\/wp-json\/tribe\/events\/v1\/categories"}}],"tags":[],"venue":{"id":284,"author":"1","status":"publish","date":"2020-10-05 12:35:53","date_utc":"2020-10-05 10:35:53","modified":"2020-10-06 18:35:05","modified_utc":"2020-10-06 16:35:05","url":"https:\/\/cultura.santjosep.org\/es\/local\/centro-de-cultura-can-jeroni\/","venue":"Centro de Cultura Can Jeroni","description":"<p><img loading=\"lazy\" decoding=\"async\" class=\"alignnone wp-image-60 size-large\" src=\"https:\/\/cultura.santjosep.org\/wp-content\/uploads\/2020\/10\/can-jeroni-fachada-trasera-1024x683.jpg\" alt=\"\" width=\"640\" height=\"427\" srcset=\"https:\/\/cultura.santjosep.org\/wp-content\/uploads\/2020\/10\/can-jeroni-fachada-trasera-1024x683.jpg 1024w, https:\/\/cultura.santjosep.org\/wp-content\/uploads\/2020\/10\/can-jeroni-fachada-trasera-300x200.jpg 300w, https:\/\/cultura.santjosep.org\/wp-content\/uploads\/2020\/10\/can-jeroni-fachada-trasera-768x512.jpg 768w, https:\/\/cultura.santjosep.org\/wp-content\/uploads\/2020\/10\/can-jeroni-fachada-trasera-1536x1024.jpg 1536w, https:\/\/cultura.santjosep.org\/wp-content\/uploads\/2020\/10\/can-jeroni-fachada-trasera-2048x1365.jpg 2048w, https:\/\/cultura.santjosep.org\/wp-content\/uploads\/2020\/10\/can-jeroni-fachada-trasera-1568x1045.jpg 1568w, https:\/\/cultura.santjosep.org\/wp-content\/uploads\/2020\/10\/can-jeroni-fachada-trasera-450x300.jpg 450w\" sizes=\"auto, (max-width: 640px) 100vw, 640px\" \/><\/p>","slug":"centro-de-cultura-can-jeroni","image":{"url":"https:\/\/cultura.santjosep.org\/wp-content\/uploads\/2020\/10\/logo_canjeroni.png","id":2671,"extension":"png","width":1107,"height":507,"sizes":{"medium":{"width":300,"height":137,"mime-type":"image\/png","url":"https:\/\/cultura.santjosep.org\/wp-content\/uploads\/2020\/10\/logo_canjeroni-300x137.png"},"large":{"width":1024,"height":469,"mime-type":"image\/png","url":"https:\/\/cultura.santjosep.org\/wp-content\/uploads\/2020\/10\/logo_canjeroni-1024x469.png"},"thumbnail":{"width":150,"height":150,"mime-type":"image\/png","url":"https:\/\/cultura.santjosep.org\/wp-content\/uploads\/2020\/10\/logo_canjeroni-150x150.png"},"medium_large":{"width":768,"height":352,"mime-type":"image\/png","url":"https:\/\/cultura.santjosep.org\/wp-content\/uploads\/2020\/10\/logo_canjeroni-768x352.png"},"woocommerce_thumbnail":{"width":300,"height":300,"mime-type":"image\/png","url":"https:\/\/cultura.santjosep.org\/wp-content\/uploads\/2020\/10\/logo_canjeroni-300x300.png"},"woocommerce_single":{"width":450,"height":206,"mime-type":"image\/png","url":"https:\/\/cultura.santjosep.org\/wp-content\/uploads\/2020\/10\/logo_canjeroni-450x206.png"},"woocommerce_gallery_thumbnail":{"width":100,"height":100,"mime-type":"image\/png","url":"https:\/\/cultura.santjosep.org\/wp-content\/uploads\/2020\/10\/logo_canjeroni-100x100.png"},"shop_catalog":{"width":300,"height":300,"mime-type":"image\/png","url":"https:\/\/cultura.santjosep.org\/wp-content\/uploads\/2020\/10\/logo_canjeroni-300x300.png"},"shop_single":{"width":450,"height":206,"mime-type":"image\/png","url":"https:\/\/cultura.santjosep.org\/wp-content\/uploads\/2020\/10\/logo_canjeroni-450x206.png"},"shop_thumbnail":{"width":100,"height":100,"mime-type":"image\/png","url":"https:\/\/cultura.santjosep.org\/wp-content\/uploads\/2020\/10\/logo_canjeroni-100x100.png"}}},"address":"Carrer sa Talaia, 16","city":"Sant Josep de sa Talaia","country":"Espa\u00f1a","province":"Illes Balears","zip":"07830","phone":"971 801 513","website":"https:\/\/www.facebook.com\/CanJeronicentredecultura\/","stateprovince":"Illes Balears","geo_lat":38.921593999999998914063326083123683929443359375,"geo_lng":1.2927750000000000074606987254810519516468048095703125,"json_ld":{"@type":"Place","name":"Centro de Cultura Can Jeroni","description":"","image":"https:\/\/cultura.santjosep.org\/wp-content\/uploads\/2020\/10\/logo_canjeroni.png","url":"https:\/\/cultura.santjosep.org\/es\/local\/centro-de-cultura-can-jeroni\/","address":{"@type":"PostalAddress","streetAddress":"Carrer sa Talaia, 16","addressLocality":"Sant Josep de sa Talaia","addressRegion":"Illes Balears","postalCode":"07830","addressCountry":"Espa\u00f1a"},"geo":{"@type":"GeoCoordinates","latitude":38.921593999999998914063326083123683929443359375,"longitude":1.2927750000000000074606987254810519516468048095703125},"telephone":"971 801 513","sameAs":"https:\/\/www.facebook.com\/CanJeronicentredecultura\/"},"show_map":true,"show_map_link":true,"global_id":"cultura.santjosep.org\/es\/?id=284","global_id_lineage":["cultura.santjosep.org\/es\/?id=284"]},"organizer":[],"custom_fields":[],"json_ld":{"@context":"http:\/\/schema.org","@type":"Event","name":"Cinema infantil &#8211; &#8216;Salvar el \u00e1rbol&#8217;","description":"&lt;p&gt;18.00 h Cinema infantil amb motiu de la celebraci\u00f3 del Dia Mundial del Clima. \\'Salvar el \u00e1rbol\\'. 2021. Duraci\u00f3: 74 min. Espanya. Direcci\u00f3: lker \u00c1lvarez i Haizea Pastor. Al Centre &hellip; &lt;\/p&gt;\\n&lt;p class=&quot;link-more&quot;&gt;&lt;a href=&quot;https:\/\/cultura.santjosep.org\/es\/agenda\/cinema-infantil-salvar-el-arbol\/&quot; class=&quot;more-link&quot;&gt;Seguir leyendo&lt;span class=&quot;screen-reader-text&quot;&gt; \u00abCinema infantil &#8211; &#8216;Salvar el \u00e1rbol&#8217;\u00bb&lt;\/span&gt;&lt;\/a&gt;&lt;\/p&gt;\\n","image":"https:\/\/cultura.santjosep.org\/wp-content\/uploads\/2022\/03\/Salvarelrbol1.jpg","url":"https:\/\/cultura.santjosep.org\/es\/agenda\/cinema-infantil-salvar-el-arbol\/","eventAttendanceMode":"https:\/\/schema.org\/OfflineEventAttendanceMode","eventStatus":"https:\/\/schema.org\/EventScheduled","startDate":"2022-03-26T18:00:00+01:00","endDate":"2022-03-26T18:00:00+01:00","location":{"@type":"Place","name":"Centro de Cultura Can Jeroni","description":"","image":"https:\/\/cultura.santjosep.org\/wp-content\/uploads\/2020\/10\/logo_canjeroni.png","url":"https:\/\/cultura.santjosep.org\/es\/local\/centro-de-cultura-can-jeroni\/","address":{"@type":"PostalAddress","streetAddress":"Carrer sa Talaia, 16","addressLocality":"Sant Josep de sa Talaia","addressRegion":"Illes Balears","postalCode":"07830","addressCountry":"Espa\u00f1a"},"geo":{"@type":"GeoCoordinates","latitude":38.921593999999998914063326083123683929443359375,"longitude":1.2927750000000000074606987254810519516468048095703125},"telephone":"971 801 513","sameAs":"https:\/\/www.facebook.com\/CanJeronicentredecultura\/"},"performer":"Organization"},"is_virtual":false,"virtual_url":null,"virtual_video_source":""}