{"id":12075,"global_id":"cultura.santjosep.org\/es\/?id=12075","global_id_lineage":["cultura.santjosep.org\/es\/?id=12075"],"author":"1","status":"publish","date":"2022-05-03 12:01:14","date_utc":"2022-05-03 10:01:14","modified":"2022-05-03 12:13:16","modified_utc":"2022-05-03 10:13:16","url":"https:\/\/cultura.santjosep.org\/es\/agenda\/concierto-de-los-aurora-en-el-auditorio-calo-de-soli\/","rest_url":"https:\/\/cultura.santjosep.org\/es\/wp-json\/tribe\/events\/v1\/events\/12075","title":"Concierto de &#8216;Los Aurora&#8217; en el Auditorio Cal\u00f3 de s&#8217;Oli","description":"<p><strong>Concierto de &#8216;Los Aurora&#8217; | 7 mayo | 20:30 hrs | Auditorio Cal\u00f3 de s&#8217;Oli<\/strong><br \/>\nLos Aurora es un grupo de <strong>flamenco-jazz<\/strong> que revolucion\u00f3 la escena musical nacional e internacional con el lanzamiento de su primer disco &#8216;Aurora&#8217; (Taller de M\u00fasicos\/Discmedi, 2017). Su propuesta musical, atrevida y personal, representa una brisa de aire fresco a un g\u00e9nero como el flamenco, que ha perdido el miedo de fusionarse con otras est\u00e9ticas.<br \/>\nHan visitado salas y festivales de todo el mundo, con diferentes giras internacionales que los han llevado a tocar a varios escenarios de Canad\u00e1, Corea, Chile, Rusia, Israel, Hungr\u00eda, Alemania o Polonia, entre otros.<\/p>\n<p>El pr\u00f3ximo s\u00e1bado d\u00eda 7 de mayo presentan un nuevo espect\u00e1culo en vivo en el Auditorio Cal\u00f3 de s&#8217;Oli, fruto del que ser\u00e1 su nuevo disco <b>La Balsa de la Medusa.<\/b><br \/>\n<a href=\"https:\/\/cultura.santjosep.org\/es\/agenda\/concierto-de-los-aurora-en-el-auditorio-calo-de-soli\/\"><span style=\"color: #993300;\"><strong>Imprescindible reserva de entradas para acudir al evento<\/strong><\/span><\/a><\/p>","excerpt":"","slug":"concierto-de-los-aurora-en-el-auditorio-calo-de-soli","image":{"url":"https:\/\/cultura.santjosep.org\/wp-content\/uploads\/2022\/05\/losaurora.jpg","id":12073,"extension":"jpg","width":1700,"height":920,"sizes":{"medium":{"width":300,"height":162,"mime-type":"image\/jpeg","url":"https:\/\/cultura.santjosep.org\/wp-content\/uploads\/2022\/05\/losaurora-300x162.jpg"},"large":{"width":1024,"height":554,"mime-type":"image\/jpeg","url":"https:\/\/cultura.santjosep.org\/wp-content\/uploads\/2022\/05\/losaurora-1024x554.jpg"},"thumbnail":{"width":150,"height":150,"mime-type":"image\/jpeg","url":"https:\/\/cultura.santjosep.org\/wp-content\/uploads\/2022\/05\/losaurora-150x150.jpg"},"medium_large":{"width":768,"height":416,"mime-type":"image\/jpeg","url":"https:\/\/cultura.santjosep.org\/wp-content\/uploads\/2022\/05\/losaurora-768x416.jpg"},"1536x1536":{"width":1536,"height":831,"mime-type":"image\/jpeg","url":"https:\/\/cultura.santjosep.org\/wp-content\/uploads\/2022\/05\/losaurora-1536x831.jpg"},"post-thumbnail":{"width":1568,"height":849,"mime-type":"image\/jpeg","url":"https:\/\/cultura.santjosep.org\/wp-content\/uploads\/2022\/05\/losaurora-1568x849.jpg"},"mailpoet_newsletter_max":{"width":1320,"height":714,"mime-type":"image\/jpeg","url":"https:\/\/cultura.santjosep.org\/wp-content\/uploads\/2022\/05\/losaurora-1320x714.jpg"}}},"all_day":false,"start_date":"2022-05-07 20:30:00","start_date_details":{"year":"2022","month":"05","day":"07","hour":"20","minutes":"30","seconds":"00"},"end_date":"2022-05-07 20:30:00","end_date_details":{"year":"2022","month":"05","day":"07","hour":"20","minutes":"30","seconds":"00"},"utc_start_date":"2022-05-07 18:30:00","utc_start_date_details":{"year":"2022","month":"05","day":"07","hour":"18","minutes":"30","seconds":"00"},"utc_end_date":"2022-05-07 18:30:00","utc_end_date_details":{"year":"2022","month":"05","day":"07","hour":"18","minutes":"30","seconds":"00"},"timezone":"Europe\/Madrid","timezone_abbr":"CEST","cost":"Gratuito","cost_details":{"currency_symbol":"","currency_code":"","currency_position":"suffix","values":["0"]},"website":"https:\/\/entrades.santjosep.org\/par-public\/rest\/evento\/id\/3561057","show_map":true,"show_map_link":true,"hide_from_listings":false,"sticky":false,"featured":false,"categories":[{"name":"Conciertos","slug":"conciertos","term_group":0,"term_taxonomy_id":31,"taxonomy":"tribe_events_cat","description":"","parent":0,"count":222,"filter":"raw","id":31,"urls":{"self":"https:\/\/cultura.santjosep.org\/es\/wp-json\/tribe\/events\/v1\/categories\/31","collection":"https:\/\/cultura.santjosep.org\/es\/wp-json\/tribe\/events\/v1\/categories"}}],"tags":[],"venue":{"id":10295,"author":"1","status":"publish","date":"2021-07-23 10:08:53","date_utc":"2021-07-23 08:08:53","modified":"2022-01-03 10:09:49","modified_utc":"2022-01-03 09:09:49","url":"https:\/\/cultura.santjosep.org\/es\/local\/auditorio-calo-de-soli\/","venue":"Auditorio Cal\u00f3 de s&#8217;Oli","description":"<p><img loading=\"lazy\" decoding=\"async\" class=\"alignnone wp-image-8292 size-large\" src=\"https:\/\/cultura.santjosep.org\/wp-content\/uploads\/2021\/07\/RR_05447-1024x683.jpg\" alt=\"\" width=\"640\" height=\"427\" srcset=\"https:\/\/cultura.santjosep.org\/wp-content\/uploads\/2021\/07\/RR_05447-1024x683.jpg 1024w, https:\/\/cultura.santjosep.org\/wp-content\/uploads\/2021\/07\/RR_05447-300x200.jpg 300w, https:\/\/cultura.santjosep.org\/wp-content\/uploads\/2021\/07\/RR_05447-768x512.jpg 768w, https:\/\/cultura.santjosep.org\/wp-content\/uploads\/2021\/07\/RR_05447.jpg 1200w\" sizes=\"auto, (max-width: 640px) 100vw, 640px\" \/><\/p>","slug":"auditorio-calo-de-soli","address":"Carrer de M\u00e0laga, 07829, Illes Balears","city":"Sant Josep de Sa Talaia","country":"Espa\u00f1a","zip":"07829","geo_lat":38.9693998999999990928699844516813755035400390625,"geo_lng":1.2806840999999999919367610345943830907344818115234375,"json_ld":{"@type":"Place","name":"Auditorio Cal\u00f3 de s&#8217;Oli","description":"","url":"https:\/\/cultura.santjosep.org\/es\/local\/auditorio-calo-de-soli\/","address":{"@type":"PostalAddress","streetAddress":"Carrer de M\u00e0laga, 07829, Illes Balears","addressLocality":"Sant Josep de Sa Talaia","postalCode":"07829","addressCountry":"Espa\u00f1a"},"geo":{"@type":"GeoCoordinates","latitude":38.9693998999999990928699844516813755035400390625,"longitude":1.2806840999999999919367610345943830907344818115234375},"telephone":"","sameAs":""},"show_map":true,"show_map_link":true,"global_id":"cultura.santjosep.org\/es\/?id=10295","global_id_lineage":["cultura.santjosep.org\/es\/?id=10295"]},"organizer":[],"custom_fields":[],"json_ld":{"@context":"http:\/\/schema.org","@type":"Event","name":"Concierto de &#8216;Los Aurora&#8217; en el Auditorio Cal\u00f3 de s&#8217;Oli","description":"&lt;p&gt;Concierto de \\'Los Aurora\\' | 7 mayo | 20:30 hrs | Auditorio Cal\u00f3 de s\\'Oli Los Aurora es un grupo de flamenco-jazz que revolucion\u00f3 la escena musical nacional e internacional &hellip; &lt;\/p&gt;\\n&lt;p class=&quot;link-more&quot;&gt;&lt;a href=&quot;https:\/\/cultura.santjosep.org\/es\/agenda\/concierto-de-los-aurora-en-el-auditorio-calo-de-soli\/&quot; class=&quot;more-link&quot;&gt;Seguir leyendo&lt;span class=&quot;screen-reader-text&quot;&gt; \u00abConcierto de &#8216;Los Aurora&#8217; en el Auditorio Cal\u00f3 de s&#8217;Oli\u00bb&lt;\/span&gt;&lt;\/a&gt;&lt;\/p&gt;\\n","image":"https:\/\/cultura.santjosep.org\/wp-content\/uploads\/2022\/05\/losaurora.jpg","url":"https:\/\/cultura.santjosep.org\/es\/agenda\/concierto-de-los-aurora-en-el-auditorio-calo-de-soli\/","eventAttendanceMode":"https:\/\/schema.org\/OfflineEventAttendanceMode","eventStatus":"https:\/\/schema.org\/EventScheduled","startDate":"2022-05-07T20:30:00+02:00","endDate":"2022-05-07T20:30:00+02:00","location":{"@type":"Place","name":"Auditorio Cal\u00f3 de s&#8217;Oli","description":"","url":"https:\/\/cultura.santjosep.org\/es\/local\/auditorio-calo-de-soli\/","address":{"@type":"PostalAddress","streetAddress":"Carrer de M\u00e0laga, 07829, Illes Balears","addressLocality":"Sant Josep de Sa Talaia","postalCode":"07829","addressCountry":"Espa\u00f1a"},"geo":{"@type":"GeoCoordinates","latitude":38.9693998999999990928699844516813755035400390625,"longitude":1.2806840999999999919367610345943830907344818115234375},"telephone":"","sameAs":""},"offers":{"@type":"Offer","price":"0","priceCurrency":"USD","url":"https:\/\/cultura.santjosep.org\/es\/agenda\/concierto-de-los-aurora-en-el-auditorio-calo-de-soli\/","category":"primary","availability":"inStock","validFrom":"1970-01-01T00:00:00+00:00"},"performer":"Organization"},"is_virtual":false,"virtual_url":null,"virtual_video_source":""}