{"id":12632,"global_id":"cultura.santjosep.org\/es\/?id=12632","global_id_lineage":["cultura.santjosep.org\/es\/?id=12632"],"author":"1","status":"publish","date":"2022-06-01 15:00:34","date_utc":"2022-06-01 13:00:34","modified":"2022-06-09 15:10:31","modified_utc":"2022-06-09 13:10:31","url":"https:\/\/cultura.santjosep.org\/es\/agenda\/exposicio-20-anys-espacio-micus-a-can-jeroni\/","rest_url":"https:\/\/cultura.santjosep.org\/es\/wp-json\/tribe\/events\/v1\/events\/12632","title":"Exposici\u00f3 &#8217;20 anys Espacio Micus&#8217; a Can Jeroni","description":"<p><strong>Exposici\u00f3 &#8217;20 anys Espacio Micus&#8217; a Can Jeroni | 10 de juny \u2014 17 de juliol 2022<\/strong><\/p>\n<p><strong>Inauguraci\u00f3<\/strong>: 10 juny a les 19:30 h.<\/p>\n<p><strong>Horari de visites:<\/strong><br \/>\nMATINS: de dimarts a diumenge d\u201910.30 h a 13.30 h.<br \/>\nTARDES: de dijous a dissabte de 18.30 h a 21.00 h.<br \/>\nDilluns tancat.<\/p>\n<p>Parlar de l\u2019Espacio Micus \u00e9s parlar de l\u2019artista Eduard Micus (H\u00f6xter, 1925-Eivissa, 2000), per\u00f2 de Katja Micus (Stuttgart, 1956), la seua filla, tamb\u00e9. \u00c9s parlar de m\u00e9s de trenta anys apostant incondicionalment per l\u2019art.<\/p>\n<p>Superats els vint anys i el confinament, l\u2019Ajuntament de Sant Josep li agraeix la implicaci\u00f3 en el m\u00f3n de l\u2019art amb aquesta exposici\u00f3 homenatge a Can Jeroni. Vint-i-dos anys d\u2019art, inter\u00e8s i afecte, no nom\u00e9s pel llegat de son pare, sin\u00f3 tamb\u00e9 pel des &#8211; envolupament cultural d\u2019aquesta illa, per crear ponts en aquest arxip\u00e8lag art\u00edstic que \u00e9s Eivissa. Les seues inauguracions s\u00f3n una festa internacional que fan una radiografia a la salut cultural de ca nostra. Eivissa \u00e9s una terra de mestissatge i aix\u00ed s\u00f3n les seues celebracions.<\/p>\n<p>\u00c9s aquesta una exposici\u00f3 esperada. Una festa imprescindible: celebrar el llegat de Micus sempre \u00e9s una necessitat.<\/p>\n<p>Per a saber-ne m\u00e9s: <a href=\"http:\/\/www.espacio-micus.com\">www.espacio-micus.com<\/a><\/p>\n<p><a style=\"color: red;\" href=\"https:\/\/cultura.santjosep.org\/wp-content\/uploads\/2022\/06\/Expo-20-Aniv.-Espacio-Micus-Can-Jeroni-2022_IMPRENTA_compressed.pdf\" target=\"_blank\" rel=\"noopener\">Desc\u00e0rrega el programa de l&#8217;exposici\u00f3<\/a><\/p>","excerpt":"","slug":"exposicio-20-anys-espacio-micus-a-can-jeroni","image":{"url":"https:\/\/cultura.santjosep.org\/wp-content\/uploads\/2022\/06\/espacio-micus.jpg","id":12633,"extension":"jpg","width":1700,"height":1202,"sizes":{"medium":{"width":300,"height":212,"mime-type":"image\/jpeg","url":"https:\/\/cultura.santjosep.org\/wp-content\/uploads\/2022\/06\/espacio-micus-300x212.jpg"},"large":{"width":1024,"height":724,"mime-type":"image\/jpeg","url":"https:\/\/cultura.santjosep.org\/wp-content\/uploads\/2022\/06\/espacio-micus-1024x724.jpg"},"thumbnail":{"width":150,"height":150,"mime-type":"image\/jpeg","url":"https:\/\/cultura.santjosep.org\/wp-content\/uploads\/2022\/06\/espacio-micus-150x150.jpg"},"medium_large":{"width":768,"height":543,"mime-type":"image\/jpeg","url":"https:\/\/cultura.santjosep.org\/wp-content\/uploads\/2022\/06\/espacio-micus-768x543.jpg"},"1536x1536":{"width":1536,"height":1086,"mime-type":"image\/jpeg","url":"https:\/\/cultura.santjosep.org\/wp-content\/uploads\/2022\/06\/espacio-micus-1536x1086.jpg"},"post-thumbnail":{"width":1568,"height":1109,"mime-type":"image\/jpeg","url":"https:\/\/cultura.santjosep.org\/wp-content\/uploads\/2022\/06\/espacio-micus-1568x1109.jpg"},"mailpoet_newsletter_max":{"width":1320,"height":933,"mime-type":"image\/jpeg","url":"https:\/\/cultura.santjosep.org\/wp-content\/uploads\/2022\/06\/espacio-micus-1320x933.jpg"},"cmplz_banner_image":{"width":350,"height":100,"mime-type":"image\/jpeg","url":"https:\/\/cultura.santjosep.org\/wp-content\/uploads\/2022\/06\/espacio-micus-350x100.jpg"}}},"all_day":true,"start_date":"2022-06-10 00:00:00","start_date_details":{"year":"2022","month":"06","day":"10","hour":"00","minutes":"00","seconds":"00"},"end_date":"2022-07-17 23:59:59","end_date_details":{"year":"2022","month":"07","day":"17","hour":"23","minutes":"59","seconds":"59"},"utc_start_date":"2022-06-09 22:00:00","utc_start_date_details":{"year":"2022","month":"06","day":"09","hour":"22","minutes":"00","seconds":"00"},"utc_end_date":"2022-07-17 21:59:59","utc_end_date_details":{"year":"2022","month":"07","day":"17","hour":"21","minutes":"59","seconds":"59"},"timezone":"Europe\/Madrid","timezone_abbr":"CEST","cost":"","cost_details":{"currency_symbol":"","currency_code":"","currency_position":"suffix","values":[]},"website":"","show_map":true,"show_map_link":true,"hide_from_listings":false,"sticky":false,"featured":false,"categories":[{"name":"Exposiciones","slug":"exposiciones","term_group":0,"term_taxonomy_id":33,"taxonomy":"tribe_events_cat","description":"","parent":0,"count":94,"filter":"raw","id":33,"urls":{"self":"https:\/\/cultura.santjosep.org\/es\/wp-json\/tribe\/events\/v1\/categories\/33","collection":"https:\/\/cultura.santjosep.org\/es\/wp-json\/tribe\/events\/v1\/categories"}}],"tags":[],"venue":{"id":284,"author":"1","status":"publish","date":"2020-10-05 12:35:53","date_utc":"2020-10-05 10:35:53","modified":"2020-10-06 18:35:05","modified_utc":"2020-10-06 16:35:05","url":"https:\/\/cultura.santjosep.org\/es\/local\/centro-de-cultura-can-jeroni\/","venue":"Centro de Cultura Can Jeroni","description":"<p><img loading=\"lazy\" decoding=\"async\" class=\"alignnone wp-image-60 size-large\" src=\"https:\/\/cultura.santjosep.org\/wp-content\/uploads\/2020\/10\/can-jeroni-fachada-trasera-1024x683.jpg\" alt=\"\" width=\"640\" height=\"427\" srcset=\"https:\/\/cultura.santjosep.org\/wp-content\/uploads\/2020\/10\/can-jeroni-fachada-trasera-1024x683.jpg 1024w, https:\/\/cultura.santjosep.org\/wp-content\/uploads\/2020\/10\/can-jeroni-fachada-trasera-300x200.jpg 300w, https:\/\/cultura.santjosep.org\/wp-content\/uploads\/2020\/10\/can-jeroni-fachada-trasera-768x512.jpg 768w, https:\/\/cultura.santjosep.org\/wp-content\/uploads\/2020\/10\/can-jeroni-fachada-trasera-1536x1024.jpg 1536w, https:\/\/cultura.santjosep.org\/wp-content\/uploads\/2020\/10\/can-jeroni-fachada-trasera-2048x1365.jpg 2048w, https:\/\/cultura.santjosep.org\/wp-content\/uploads\/2020\/10\/can-jeroni-fachada-trasera-1568x1045.jpg 1568w, https:\/\/cultura.santjosep.org\/wp-content\/uploads\/2020\/10\/can-jeroni-fachada-trasera-450x300.jpg 450w\" sizes=\"auto, (max-width: 640px) 100vw, 640px\" \/><\/p>","slug":"centro-de-cultura-can-jeroni","image":{"url":"https:\/\/cultura.santjosep.org\/wp-content\/uploads\/2020\/10\/logo_canjeroni.png","id":2671,"extension":"png","width":1107,"height":507,"sizes":{"medium":{"width":300,"height":137,"mime-type":"image\/png","url":"https:\/\/cultura.santjosep.org\/wp-content\/uploads\/2020\/10\/logo_canjeroni-300x137.png"},"large":{"width":1024,"height":469,"mime-type":"image\/png","url":"https:\/\/cultura.santjosep.org\/wp-content\/uploads\/2020\/10\/logo_canjeroni-1024x469.png"},"thumbnail":{"width":150,"height":150,"mime-type":"image\/png","url":"https:\/\/cultura.santjosep.org\/wp-content\/uploads\/2020\/10\/logo_canjeroni-150x150.png"},"medium_large":{"width":768,"height":352,"mime-type":"image\/png","url":"https:\/\/cultura.santjosep.org\/wp-content\/uploads\/2020\/10\/logo_canjeroni-768x352.png"},"woocommerce_thumbnail":{"width":300,"height":300,"mime-type":"image\/png","url":"https:\/\/cultura.santjosep.org\/wp-content\/uploads\/2020\/10\/logo_canjeroni-300x300.png"},"woocommerce_single":{"width":450,"height":206,"mime-type":"image\/png","url":"https:\/\/cultura.santjosep.org\/wp-content\/uploads\/2020\/10\/logo_canjeroni-450x206.png"},"woocommerce_gallery_thumbnail":{"width":100,"height":100,"mime-type":"image\/png","url":"https:\/\/cultura.santjosep.org\/wp-content\/uploads\/2020\/10\/logo_canjeroni-100x100.png"},"shop_catalog":{"width":300,"height":300,"mime-type":"image\/png","url":"https:\/\/cultura.santjosep.org\/wp-content\/uploads\/2020\/10\/logo_canjeroni-300x300.png"},"shop_single":{"width":450,"height":206,"mime-type":"image\/png","url":"https:\/\/cultura.santjosep.org\/wp-content\/uploads\/2020\/10\/logo_canjeroni-450x206.png"},"shop_thumbnail":{"width":100,"height":100,"mime-type":"image\/png","url":"https:\/\/cultura.santjosep.org\/wp-content\/uploads\/2020\/10\/logo_canjeroni-100x100.png"}}},"address":"Carrer sa Talaia, 16","city":"Sant Josep de sa Talaia","country":"Espa\u00f1a","province":"Illes Balears","zip":"07830","phone":"971 801 513","website":"https:\/\/www.facebook.com\/CanJeronicentredecultura\/","stateprovince":"Illes Balears","geo_lat":38.921593999999998914063326083123683929443359375,"geo_lng":1.2927750000000000074606987254810519516468048095703125,"json_ld":{"@type":"Place","name":"Centro de Cultura Can Jeroni","description":"","image":"https:\/\/cultura.santjosep.org\/wp-content\/uploads\/2020\/10\/logo_canjeroni.png","url":"https:\/\/cultura.santjosep.org\/es\/local\/centro-de-cultura-can-jeroni\/","address":{"@type":"PostalAddress","streetAddress":"Carrer sa Talaia, 16","addressLocality":"Sant Josep de sa Talaia","addressRegion":"Illes Balears","postalCode":"07830","addressCountry":"Espa\u00f1a"},"geo":{"@type":"GeoCoordinates","latitude":38.921593999999998914063326083123683929443359375,"longitude":1.2927750000000000074606987254810519516468048095703125},"telephone":"971 801 513","sameAs":"https:\/\/www.facebook.com\/CanJeronicentredecultura\/"},"show_map":true,"show_map_link":true,"global_id":"cultura.santjosep.org\/es\/?id=284","global_id_lineage":["cultura.santjosep.org\/es\/?id=284"]},"organizer":[],"custom_fields":[],"json_ld":{"@context":"http:\/\/schema.org","@type":"Event","name":"Exposici\u00f3 &#8217;20 anys Espacio Micus&#8217; a Can Jeroni","description":"&lt;p&gt;Exposici\u00f3 \\'20 anys Espacio Micus\\' a Can Jeroni | 10 de juny \u2014 17 de juliol 2022 Inauguraci\u00f3: 10 juny a les 19:30 h. Horari de visites: MATINS: de dimarts &hellip; &lt;\/p&gt;\\n&lt;p class=&quot;link-more&quot;&gt;&lt;a href=&quot;https:\/\/cultura.santjosep.org\/es\/agenda\/exposicio-20-anys-espacio-micus-a-can-jeroni\/&quot; class=&quot;more-link&quot;&gt;Seguir leyendo&lt;span class=&quot;screen-reader-text&quot;&gt; \u00abExposici\u00f3 &#8217;20 anys Espacio Micus&#8217; a Can Jeroni\u00bb&lt;\/span&gt;&lt;\/a&gt;&lt;\/p&gt;\\n","image":"https:\/\/cultura.santjosep.org\/wp-content\/uploads\/2022\/06\/espacio-micus.jpg","url":"https:\/\/cultura.santjosep.org\/es\/agenda\/exposicio-20-anys-espacio-micus-a-can-jeroni\/","eventAttendanceMode":"https:\/\/schema.org\/OfflineEventAttendanceMode","eventStatus":"https:\/\/schema.org\/EventScheduled","startDate":"2022-06-10T00:00:00+02:00","endDate":"2022-07-17T23:59:59+02:00","location":{"@type":"Place","name":"Centro de Cultura Can Jeroni","description":"","image":"https:\/\/cultura.santjosep.org\/wp-content\/uploads\/2020\/10\/logo_canjeroni.png","url":"https:\/\/cultura.santjosep.org\/es\/local\/centro-de-cultura-can-jeroni\/","address":{"@type":"PostalAddress","streetAddress":"Carrer sa Talaia, 16","addressLocality":"Sant Josep de sa Talaia","addressRegion":"Illes Balears","postalCode":"07830","addressCountry":"Espa\u00f1a"},"geo":{"@type":"GeoCoordinates","latitude":38.921593999999998914063326083123683929443359375,"longitude":1.2927750000000000074606987254810519516468048095703125},"telephone":"971 801 513","sameAs":"https:\/\/www.facebook.com\/CanJeronicentredecultura\/"},"performer":"Organization"},"is_virtual":false,"virtual_url":null,"virtual_video_source":""}