{"id":12899,"global_id":"cultura.santjosep.org\/es\/?id=12899","global_id_lineage":["cultura.santjosep.org\/es\/?id=12899"],"author":"1","status":"publish","date":"2022-06-21 11:41:09","date_utc":"2022-06-21 09:41:09","modified":"2022-06-21 14:54:14","modified_utc":"2022-06-21 12:54:14","url":"https:\/\/cultura.santjosep.org\/es\/agenda\/espectaculo-flamenco-travesia-por-martirio-raul-rodriguez\/","rest_url":"https:\/\/cultura.santjosep.org\/es\/wp-json\/tribe\/events\/v1\/events\/12899","title":"Espect\u00e1culo flamenco &#8211; &#8216;Traves\u00eda&#8217; por Martirio &#038; Ra\u00fal Rodriguez","description":"<p><strong>2 de julio 21:30 h. | Auditorio Cal\u00f3 de s\u2019Oli | Espect\u00e1culo flamenco &#8211; &#8216;Traves\u00eda&#8217; por Martirio &amp; Ra\u00fal Rodriguez<\/strong><\/p>\n<p>Martirio ofrece junto al genial guitarrista Ra\u00fal Rodr\u00edguez un concierto en el que recorrer\u00e1n las canciones que han formado parte de su vida art\u00edstica, que con los arreglos de Ra\u00fal Rodr\u00edguez adquieren una nueva dimensi\u00f3n.<br \/>\n<strong><br \/>\nImprescindible reserva de entrada para acceder al espect\u00e1culo. <\/strong><\/p>","excerpt":"","slug":"espectaculo-flamenco-travesia-por-martirio-raul-rodriguez","image":{"url":"https:\/\/cultura.santjosep.org\/wp-content\/uploads\/2022\/06\/La-Martirio.jpg","id":12900,"extension":"jpg","width":1000,"height":667,"sizes":{"medium":{"width":300,"height":200,"mime-type":"image\/jpeg","url":"https:\/\/cultura.santjosep.org\/wp-content\/uploads\/2022\/06\/La-Martirio-300x200.jpg"},"thumbnail":{"width":150,"height":150,"mime-type":"image\/jpeg","url":"https:\/\/cultura.santjosep.org\/wp-content\/uploads\/2022\/06\/La-Martirio-150x150.jpg"},"medium_large":{"width":768,"height":512,"mime-type":"image\/jpeg","url":"https:\/\/cultura.santjosep.org\/wp-content\/uploads\/2022\/06\/La-Martirio-768x512.jpg"},"cmplz_banner_image":{"width":350,"height":100,"mime-type":"image\/jpeg","url":"https:\/\/cultura.santjosep.org\/wp-content\/uploads\/2022\/06\/La-Martirio-350x100.jpg"}}},"all_day":false,"start_date":"2022-07-02 21:30:00","start_date_details":{"year":"2022","month":"07","day":"02","hour":"21","minutes":"30","seconds":"00"},"end_date":"2022-07-02 21:30:00","end_date_details":{"year":"2022","month":"07","day":"02","hour":"21","minutes":"30","seconds":"00"},"utc_start_date":"2022-07-02 19:30:00","utc_start_date_details":{"year":"2022","month":"07","day":"02","hour":"19","minutes":"30","seconds":"00"},"utc_end_date":"2022-07-02 19:30:00","utc_end_date_details":{"year":"2022","month":"07","day":"02","hour":"19","minutes":"30","seconds":"00"},"timezone":"Europe\/Madrid","timezone_abbr":"CEST","cost":"Gratuito","cost_details":{"currency_symbol":"","currency_code":"","currency_position":"suffix","values":["0"]},"website":"https:\/\/entrades.santjosep.org\/par-public\/rest\/evento\/id\/3618703","show_map":true,"show_map_link":true,"hide_from_listings":false,"sticky":false,"featured":false,"categories":[{"name":"Jornadas Flamencas","slug":"jornadas-flamencas","term_group":0,"term_taxonomy_id":132,"taxonomy":"tribe_events_cat","description":"","parent":0,"count":18,"filter":"raw","id":132,"urls":{"self":"https:\/\/cultura.santjosep.org\/es\/wp-json\/tribe\/events\/v1\/categories\/132","collection":"https:\/\/cultura.santjosep.org\/es\/wp-json\/tribe\/events\/v1\/categories"}}],"tags":[],"venue":{"id":10295,"author":"1","status":"publish","date":"2021-07-23 10:08:53","date_utc":"2021-07-23 08:08:53","modified":"2022-01-03 10:09:49","modified_utc":"2022-01-03 09:09:49","url":"https:\/\/cultura.santjosep.org\/es\/local\/auditorio-calo-de-soli\/","venue":"Auditorio Cal\u00f3 de s&#8217;Oli","description":"<p><img loading=\"lazy\" decoding=\"async\" class=\"alignnone wp-image-8292 size-large\" src=\"https:\/\/cultura.santjosep.org\/wp-content\/uploads\/2021\/07\/RR_05447-1024x683.jpg\" alt=\"\" width=\"640\" height=\"427\" srcset=\"https:\/\/cultura.santjosep.org\/wp-content\/uploads\/2021\/07\/RR_05447-1024x683.jpg 1024w, https:\/\/cultura.santjosep.org\/wp-content\/uploads\/2021\/07\/RR_05447-300x200.jpg 300w, https:\/\/cultura.santjosep.org\/wp-content\/uploads\/2021\/07\/RR_05447-768x512.jpg 768w, https:\/\/cultura.santjosep.org\/wp-content\/uploads\/2021\/07\/RR_05447.jpg 1200w\" sizes=\"auto, (max-width: 640px) 100vw, 640px\" \/><\/p>","slug":"auditorio-calo-de-soli","address":"Carrer de M\u00e0laga, 07829, Illes Balears","city":"Sant Josep de Sa Talaia","country":"Espa\u00f1a","zip":"07829","geo_lat":38.9693998999999990928699844516813755035400390625,"geo_lng":1.2806840999999999919367610345943830907344818115234375,"json_ld":{"@type":"Place","name":"Auditorio Cal\u00f3 de s&#8217;Oli","description":"","url":"https:\/\/cultura.santjosep.org\/es\/local\/auditorio-calo-de-soli\/","address":{"@type":"PostalAddress","streetAddress":"Carrer de M\u00e0laga, 07829, Illes Balears","addressLocality":"Sant Josep de Sa Talaia","postalCode":"07829","addressCountry":"Espa\u00f1a"},"geo":{"@type":"GeoCoordinates","latitude":38.9693998999999990928699844516813755035400390625,"longitude":1.2806840999999999919367610345943830907344818115234375},"telephone":"","sameAs":""},"show_map":true,"show_map_link":true,"global_id":"cultura.santjosep.org\/es\/?id=10295","global_id_lineage":["cultura.santjosep.org\/es\/?id=10295"]},"organizer":[],"custom_fields":[],"json_ld":{"@context":"http:\/\/schema.org","@type":"Event","name":"Espect\u00e1culo flamenco &#8211; &#8216;Traves\u00eda&#8217; por Martirio &#038; Ra\u00fal Rodriguez","description":"&lt;p&gt;2 de julio 21:30 h. | Auditorio Cal\u00f3 de s\u2019Oli | Espect\u00e1culo flamenco - \\'Traves\u00eda\\' por Martirio &amp; Ra\u00fal Rodriguez Martirio ofrece junto al genial guitarrista Ra\u00fal Rodr\u00edguez un concierto &hellip; &lt;\/p&gt;\\n&lt;p class=&quot;link-more&quot;&gt;&lt;a href=&quot;https:\/\/cultura.santjosep.org\/es\/agenda\/espectaculo-flamenco-travesia-por-martirio-raul-rodriguez\/&quot; class=&quot;more-link&quot;&gt;Seguir leyendo&lt;span class=&quot;screen-reader-text&quot;&gt; \u00abEspect\u00e1culo flamenco &#8211; &#8216;Traves\u00eda&#8217; por Martirio &#038; Ra\u00fal Rodriguez\u00bb&lt;\/span&gt;&lt;\/a&gt;&lt;\/p&gt;\\n","image":"https:\/\/cultura.santjosep.org\/wp-content\/uploads\/2022\/06\/La-Martirio.jpg","url":"https:\/\/cultura.santjosep.org\/es\/agenda\/espectaculo-flamenco-travesia-por-martirio-raul-rodriguez\/","eventAttendanceMode":"https:\/\/schema.org\/OfflineEventAttendanceMode","eventStatus":"https:\/\/schema.org\/EventScheduled","startDate":"2022-07-02T21:30:00+02:00","endDate":"2022-07-02T21:30:00+02:00","location":{"@type":"Place","name":"Auditorio Cal\u00f3 de s&#8217;Oli","description":"","url":"https:\/\/cultura.santjosep.org\/es\/local\/auditorio-calo-de-soli\/","address":{"@type":"PostalAddress","streetAddress":"Carrer de M\u00e0laga, 07829, Illes Balears","addressLocality":"Sant Josep de Sa Talaia","postalCode":"07829","addressCountry":"Espa\u00f1a"},"geo":{"@type":"GeoCoordinates","latitude":38.9693998999999990928699844516813755035400390625,"longitude":1.2806840999999999919367610345943830907344818115234375},"telephone":"","sameAs":""},"offers":{"@type":"Offer","price":"0","priceCurrency":"USD","url":"https:\/\/cultura.santjosep.org\/es\/agenda\/espectaculo-flamenco-travesia-por-martirio-raul-rodriguez\/","category":"primary","availability":"inStock","validFrom":"1970-01-01T00:00:00+00:00"},"performer":"Organization"},"is_virtual":false,"virtual_url":null,"virtual_video_source":""}