{"id":13176,"global_id":"cultura.santjosep.org\/es\/?id=13176","global_id_lineage":["cultura.santjosep.org\/es\/?id=13176"],"author":"1","status":"publish","date":"2022-06-29 08:46:39","date_utc":"2022-06-29 06:46:39","modified":"2022-06-29 12:48:53","modified_utc":"2022-06-29 10:48:53","url":"https:\/\/cultura.santjosep.org\/es\/agenda\/jam-al-sol-post-es-cubells-2022\/","rest_url":"https:\/\/cultura.santjosep.org\/es\/wp-json\/tribe\/events\/v1\/events\/13176","title":"Jam al Sol Post Es Cubells 2022","description":"<p>20:30 h | <strong>Jam al sol post as Cubells a la pla\u00e7a de l\u2019Esgl\u00e9sia.<\/strong><\/p>\n<p>Amb Pere Navarro, Chema Pellico i Andreas Fern\u00e1ndez.<br \/>\nDirecci\u00f3 art\u00edstica d&#8217;Albert Oliva i Alfonso H. Morillas<\/p>\n<p>Per a inscripci\u00f3 i informaci\u00f3 al mail:<br \/>\n<a href=\"mailto:jamalsolpost@gmail.com\">jamalsolpost@gmail.com<\/a><\/p>\n<p><img loading=\"lazy\" decoding=\"async\" class=\"alignnone size-full wp-image-13173\" src=\"https:\/\/cultura.santjosep.org\/wp-content\/uploads\/2022\/06\/Cartell-Jam-al-Sol-Post-2022-juliol-.jpeg\" alt=\"\" width=\"1131\" height=\"1600\" srcset=\"https:\/\/cultura.santjosep.org\/wp-content\/uploads\/2022\/06\/Cartell-Jam-al-Sol-Post-2022-juliol-.jpeg 1131w, https:\/\/cultura.santjosep.org\/wp-content\/uploads\/2022\/06\/Cartell-Jam-al-Sol-Post-2022-juliol--212x300.jpeg 212w, https:\/\/cultura.santjosep.org\/wp-content\/uploads\/2022\/06\/Cartell-Jam-al-Sol-Post-2022-juliol--724x1024.jpeg 724w, https:\/\/cultura.santjosep.org\/wp-content\/uploads\/2022\/06\/Cartell-Jam-al-Sol-Post-2022-juliol--768x1086.jpeg 768w, https:\/\/cultura.santjosep.org\/wp-content\/uploads\/2022\/06\/Cartell-Jam-al-Sol-Post-2022-juliol--1086x1536.jpeg 1086w\" sizes=\"auto, (max-width: 1131px) 100vw, 1131px\" \/><\/p>","excerpt":"","slug":"jam-al-sol-post-es-cubells-2022","image":{"url":"https:\/\/cultura.santjosep.org\/wp-content\/uploads\/2022\/06\/jamalsolpost-1.jpg","id":13270,"extension":"jpg","width":1700,"height":1133,"sizes":{"medium":{"width":300,"height":200,"mime-type":"image\/jpeg","url":"https:\/\/cultura.santjosep.org\/wp-content\/uploads\/2022\/06\/jamalsolpost-1-300x200.jpg"},"large":{"width":1024,"height":682,"mime-type":"image\/jpeg","url":"https:\/\/cultura.santjosep.org\/wp-content\/uploads\/2022\/06\/jamalsolpost-1-1024x682.jpg"},"thumbnail":{"width":150,"height":150,"mime-type":"image\/jpeg","url":"https:\/\/cultura.santjosep.org\/wp-content\/uploads\/2022\/06\/jamalsolpost-1-150x150.jpg"},"medium_large":{"width":768,"height":512,"mime-type":"image\/jpeg","url":"https:\/\/cultura.santjosep.org\/wp-content\/uploads\/2022\/06\/jamalsolpost-1-768x512.jpg"},"1536x1536":{"width":1536,"height":1024,"mime-type":"image\/jpeg","url":"https:\/\/cultura.santjosep.org\/wp-content\/uploads\/2022\/06\/jamalsolpost-1-1536x1024.jpg"},"post-thumbnail":{"width":1568,"height":1045,"mime-type":"image\/jpeg","url":"https:\/\/cultura.santjosep.org\/wp-content\/uploads\/2022\/06\/jamalsolpost-1-1568x1045.jpg"},"mailpoet_newsletter_max":{"width":1320,"height":880,"mime-type":"image\/jpeg","url":"https:\/\/cultura.santjosep.org\/wp-content\/uploads\/2022\/06\/jamalsolpost-1-1320x880.jpg"},"cmplz_banner_image":{"width":350,"height":100,"mime-type":"image\/jpeg","url":"https:\/\/cultura.santjosep.org\/wp-content\/uploads\/2022\/06\/jamalsolpost-1-350x100.jpg"}}},"all_day":false,"start_date":"2022-07-10 20:30:00","start_date_details":{"year":"2022","month":"07","day":"10","hour":"20","minutes":"30","seconds":"00"},"end_date":"2022-07-10 20:30:00","end_date_details":{"year":"2022","month":"07","day":"10","hour":"20","minutes":"30","seconds":"00"},"utc_start_date":"2022-07-10 18:30:00","utc_start_date_details":{"year":"2022","month":"07","day":"10","hour":"18","minutes":"30","seconds":"00"},"utc_end_date":"2022-07-10 18:30:00","utc_end_date_details":{"year":"2022","month":"07","day":"10","hour":"18","minutes":"30","seconds":"00"},"timezone":"Europe\/Madrid","timezone_abbr":"CEST","cost":"","cost_details":{"currency_symbol":"","currency_code":"","currency_position":"suffix","values":[]},"website":"","show_map":true,"show_map_link":true,"hide_from_listings":false,"sticky":false,"featured":false,"categories":[{"name":"Conciertos","slug":"conciertos","term_group":0,"term_taxonomy_id":31,"taxonomy":"tribe_events_cat","description":"","parent":0,"count":222,"filter":"raw","id":31,"urls":{"self":"https:\/\/cultura.santjosep.org\/es\/wp-json\/tribe\/events\/v1\/categories\/31","collection":"https:\/\/cultura.santjosep.org\/es\/wp-json\/tribe\/events\/v1\/categories"}}],"tags":[],"venue":{"id":4956,"author":"1","status":"publish","date":"2021-01-02 15:55:03","date_utc":"2021-01-02 14:55:03","modified":"2021-01-02 15:55:03","modified_utc":"2021-01-02 14:55:03","url":"https:\/\/cultura.santjosep.org\/local\/placa-des-cubells\/","venue":"Pla\u00e7a des Cubells","slug":"placa-des-cubells","address":"Es Cubells","city":"Sant Josep de sa Talaia","country":"Espa\u00f1a","zip":"07839","json_ld":{"@type":"Place","name":"Pla\u00e7a des Cubells","description":"","url":"https:\/\/cultura.santjosep.org\/local\/placa-des-cubells\/","address":{"@type":"PostalAddress","streetAddress":"Es Cubells","addressLocality":"Sant Josep de sa Talaia","postalCode":"07839","addressCountry":"Espa\u00f1a"},"telephone":"","sameAs":""},"show_map":true,"show_map_link":true,"global_id":"cultura.santjosep.org\/es\/?id=4956","global_id_lineage":["cultura.santjosep.org\/es\/?id=4956"]},"organizer":[],"custom_fields":[],"json_ld":{"@context":"http:\/\/schema.org","@type":"Event","name":"Jam al Sol Post Es Cubells 2022","description":"&lt;p&gt;20:30 h | Jam al sol post as Cubells a la pla\u00e7a de l\u2019Esgl\u00e9sia. Amb Pere Navarro, Chema Pellico i Andreas Fern\u00e1ndez. Direcci\u00f3 art\u00edstica d\\'Albert Oliva i Alfonso H. Morillas &hellip; &lt;\/p&gt;\\n&lt;p class=&quot;link-more&quot;&gt;&lt;a href=&quot;https:\/\/cultura.santjosep.org\/es\/agenda\/jam-al-sol-post-es-cubells-2022\/&quot; class=&quot;more-link&quot;&gt;Seguir leyendo&lt;span class=&quot;screen-reader-text&quot;&gt; \u00abJam al Sol Post Es Cubells 2022\u00bb&lt;\/span&gt;&lt;\/a&gt;&lt;\/p&gt;\\n","image":"https:\/\/cultura.santjosep.org\/wp-content\/uploads\/2022\/06\/jamalsolpost-1.jpg","url":"https:\/\/cultura.santjosep.org\/es\/agenda\/jam-al-sol-post-es-cubells-2022\/","eventAttendanceMode":"https:\/\/schema.org\/OfflineEventAttendanceMode","eventStatus":"https:\/\/schema.org\/EventScheduled","startDate":"2022-07-10T20:30:00+02:00","endDate":"2022-07-10T20:30:00+02:00","location":{"@type":"Place","name":"Pla\u00e7a des Cubells","description":"","url":"https:\/\/cultura.santjosep.org\/local\/placa-des-cubells\/","address":{"@type":"PostalAddress","streetAddress":"Es Cubells","addressLocality":"Sant Josep de sa Talaia","postalCode":"07839","addressCountry":"Espa\u00f1a"},"telephone":"","sameAs":""},"performer":"Organization"},"is_virtual":false,"virtual_url":null,"virtual_video_source":""}