{"id":13889,"global_id":"cultura.santjosep.org\/es\/?id=13889","global_id_lineage":["cultura.santjosep.org\/es\/?id=13889"],"author":"1","status":"publish","date":"2022-08-16 11:04:48","date_utc":"2022-08-16 09:04:48","modified":"2022-08-16 13:05:45","modified_utc":"2022-08-16 11:05:45","url":"https:\/\/cultura.santjosep.org\/es\/agenda\/missa-en-honor-de-santa-monica\/","rest_url":"https:\/\/cultura.santjosep.org\/es\/wp-json\/tribe\/events\/v1\/events\/13889","title":"Missa en honor de Santa M\u00f2nica","description":"<p><strong>20 h | Missa en honor de Santa Mo\u0300nica.<\/strong><\/p>\n<p><a href=\"https:\/\/cultura.santjosep.org\/wp-content\/uploads\/2022\/08\/Sant-Agusti-2022-1.pdf\" target=\"_blank\" rel=\"noopener\">DESCARREGA EL PROGRAMA DE FESTES DE SANT AGUST\u00cd<\/a><\/p>","excerpt":"","slug":"missa-en-honor-de-santa-monica","image":{"url":"https:\/\/cultura.santjosep.org\/wp-content\/uploads\/2022\/08\/santagusti-scaled.jpg","id":13958,"extension":"jpg","width":2560,"height":1707,"sizes":{"medium":{"width":300,"height":200,"mime-type":"image\/jpeg","url":"https:\/\/cultura.santjosep.org\/wp-content\/uploads\/2022\/08\/santagusti-300x200.jpg"},"large":{"width":1024,"height":683,"mime-type":"image\/jpeg","url":"https:\/\/cultura.santjosep.org\/wp-content\/uploads\/2022\/08\/santagusti-1024x683.jpg"},"thumbnail":{"width":150,"height":150,"mime-type":"image\/jpeg","url":"https:\/\/cultura.santjosep.org\/wp-content\/uploads\/2022\/08\/santagusti-150x150.jpg"},"medium_large":{"width":768,"height":512,"mime-type":"image\/jpeg","url":"https:\/\/cultura.santjosep.org\/wp-content\/uploads\/2022\/08\/santagusti-768x512.jpg"},"1536x1536":{"width":1536,"height":1024,"mime-type":"image\/jpeg","url":"https:\/\/cultura.santjosep.org\/wp-content\/uploads\/2022\/08\/santagusti-1536x1024.jpg"},"2048x2048":{"width":2048,"height":1365,"mime-type":"image\/jpeg","url":"https:\/\/cultura.santjosep.org\/wp-content\/uploads\/2022\/08\/santagusti-2048x1365.jpg"},"post-thumbnail":{"width":1568,"height":1045,"mime-type":"image\/jpeg","url":"https:\/\/cultura.santjosep.org\/wp-content\/uploads\/2022\/08\/santagusti-1568x1045.jpg"},"mailpoet_newsletter_max":{"width":1320,"height":880,"mime-type":"image\/jpeg","url":"https:\/\/cultura.santjosep.org\/wp-content\/uploads\/2022\/08\/santagusti-1320x880.jpg"},"cmplz_banner_image":{"width":350,"height":100,"mime-type":"image\/jpeg","url":"https:\/\/cultura.santjosep.org\/wp-content\/uploads\/2022\/08\/santagusti-350x100.jpg"}},"original_image":"santagusti.jpg"},"all_day":false,"start_date":"2022-08-27 20:00:00","start_date_details":{"year":"2022","month":"08","day":"27","hour":"20","minutes":"00","seconds":"00"},"end_date":"2022-08-27 20:00:00","end_date_details":{"year":"2022","month":"08","day":"27","hour":"20","minutes":"00","seconds":"00"},"utc_start_date":"2022-08-27 18:00:00","utc_start_date_details":{"year":"2022","month":"08","day":"27","hour":"18","minutes":"00","seconds":"00"},"utc_end_date":"2022-08-27 18:00:00","utc_end_date_details":{"year":"2022","month":"08","day":"27","hour":"18","minutes":"00","seconds":"00"},"timezone":"Europe\/Madrid","timezone_abbr":"CEST","cost":"","cost_details":{"currency_symbol":"","currency_code":"","currency_position":"suffix","values":[]},"website":"","show_map":true,"show_map_link":true,"hide_from_listings":false,"sticky":false,"featured":false,"categories":[{"name":"Festes de Sant Agust\u00ed 2022","slug":"festes-de-sant-agusti-2022-es","term_group":0,"term_taxonomy_id":143,"taxonomy":"tribe_events_cat","description":"","parent":0,"count":13,"filter":"raw","id":143,"urls":{"self":"https:\/\/cultura.santjosep.org\/es\/wp-json\/tribe\/events\/v1\/categories\/143","collection":"https:\/\/cultura.santjosep.org\/es\/wp-json\/tribe\/events\/v1\/categories"}}],"tags":[],"venue":{"id":7547,"author":"1","status":"publish","date":"2021-08-16 15:01:16","date_utc":"2021-08-16 13:01:16","modified":"2021-11-04 15:18:16","modified_utc":"2021-11-04 14:18:16","url":"https:\/\/cultura.santjosep.org\/local\/sant-agusti-des-vedra\/","venue":"Sant Agusti des Vedr\u00e0","slug":"sant-agusti-des-vedra","address":"Sant Agusti des Vedr\u00e0","city":"Sant Josep de Sa Talaia","country":"Espa\u00f1a","province":"Illes Balears","zip":"07839","stateprovince":"Illes Balears","json_ld":{"@type":"Place","name":"Sant Agusti des Vedr\u00e0","description":"","url":"https:\/\/cultura.santjosep.org\/local\/sant-agusti-des-vedra\/","address":{"@type":"PostalAddress","streetAddress":"Sant Agusti des Vedr\u00e0","addressLocality":"Sant Josep de Sa Talaia","addressRegion":"Illes Balears","postalCode":"07839","addressCountry":"Espa\u00f1a"},"telephone":"","sameAs":""},"show_map":true,"show_map_link":true,"global_id":"cultura.santjosep.org\/es\/?id=7547","global_id_lineage":["cultura.santjosep.org\/es\/?id=7547"]},"organizer":[],"custom_fields":[],"json_ld":{"@context":"http:\/\/schema.org","@type":"Event","name":"Missa en honor de Santa M\u00f2nica","description":"&lt;p&gt;20 h | Missa en honor de Santa Mo\u0300nica. DESCARREGA EL PROGRAMA DE FESTES DE SANT AGUST\u00cd&lt;\/p&gt;\\n","image":"https:\/\/cultura.santjosep.org\/wp-content\/uploads\/2022\/08\/santagusti-scaled.jpg","url":"https:\/\/cultura.santjosep.org\/es\/agenda\/missa-en-honor-de-santa-monica\/","eventAttendanceMode":"https:\/\/schema.org\/OfflineEventAttendanceMode","eventStatus":"https:\/\/schema.org\/EventScheduled","startDate":"2022-08-27T20:00:00+02:00","endDate":"2022-08-27T20:00:00+02:00","location":{"@type":"Place","name":"Sant Agusti des Vedr\u00e0","description":"","url":"https:\/\/cultura.santjosep.org\/local\/sant-agusti-des-vedra\/","address":{"@type":"PostalAddress","streetAddress":"Sant Agusti des Vedr\u00e0","addressLocality":"Sant Josep de Sa Talaia","addressRegion":"Illes Balears","postalCode":"07839","addressCountry":"Espa\u00f1a"},"telephone":"","sameAs":""},"performer":"Organization"},"is_virtual":false,"virtual_url":null,"virtual_video_source":""}