{"id":14062,"global_id":"cultura.santjosep.org\/es\/?id=14062","global_id_lineage":["cultura.santjosep.org\/es\/?id=14062"],"author":"1","status":"publish","date":"2022-08-31 14:14:58","date_utc":"2022-08-31 12:14:58","modified":"2022-08-31 14:19:54","modified_utc":"2022-08-31 12:19:54","url":"https:\/\/cultura.santjosep.org\/es\/agenda\/inaguracio-de-lespai-dinterpretacio-i-educacio-ambiental-de-labella\/","rest_url":"https:\/\/cultura.santjosep.org\/es\/wp-json\/tribe\/events\/v1\/events\/14062","title":"Inaguraci\u00f3 de l&#8217;Espai d&#8217;interpretaci\u00f3 i educaci\u00f3 ambiental de l&#8217;abella","description":"<p><strong>19:00 h | Inaguraci\u00f3 de l&#8217;Espai d&#8217;interpretaci\u00f3 i educaci\u00f3 ambiental de l&#8217;abella<\/strong> al Rafal Trobat.<\/p>\n<p><a href=\"https:\/\/cultura.santjosep.org\/wp-content\/uploads\/2022\/08\/CARTEL-UNITS-PEL-NOSTRE-PARLAR-2022_compressed.pdf\" target=\"_blank\" rel=\"noopener\"><span style=\"color: #800000;\">Descarregar el programa de units pel nostre parlar 2022<\/span><\/a><\/p>","excerpt":"","slug":"inaguracio-de-lespai-dinterpretacio-i-educacio-ambiental-de-labella","image":{"url":"https:\/\/cultura.santjosep.org\/wp-content\/uploads\/2022\/08\/Units2022.jpg","id":14014,"extension":"jpg","width":1244,"height":1140,"sizes":{"medium":{"width":300,"height":275,"mime-type":"image\/jpeg","url":"https:\/\/cultura.santjosep.org\/wp-content\/uploads\/2022\/08\/Units2022-300x275.jpg"},"large":{"width":1024,"height":938,"mime-type":"image\/jpeg","url":"https:\/\/cultura.santjosep.org\/wp-content\/uploads\/2022\/08\/Units2022-1024x938.jpg"},"thumbnail":{"width":150,"height":150,"mime-type":"image\/jpeg","url":"https:\/\/cultura.santjosep.org\/wp-content\/uploads\/2022\/08\/Units2022-150x150.jpg"},"medium_large":{"width":768,"height":704,"mime-type":"image\/jpeg","url":"https:\/\/cultura.santjosep.org\/wp-content\/uploads\/2022\/08\/Units2022-768x704.jpg"},"cmplz_banner_image":{"width":350,"height":100,"mime-type":"image\/jpeg","url":"https:\/\/cultura.santjosep.org\/wp-content\/uploads\/2022\/08\/Units2022-350x100.jpg"}}},"all_day":false,"start_date":"2022-09-07 19:00:00","start_date_details":{"year":"2022","month":"09","day":"07","hour":"19","minutes":"00","seconds":"00"},"end_date":"2022-09-07 19:00:00","end_date_details":{"year":"2022","month":"09","day":"07","hour":"19","minutes":"00","seconds":"00"},"utc_start_date":"2022-09-07 17:00:00","utc_start_date_details":{"year":"2022","month":"09","day":"07","hour":"17","minutes":"00","seconds":"00"},"utc_end_date":"2022-09-07 17:00:00","utc_end_date_details":{"year":"2022","month":"09","day":"07","hour":"17","minutes":"00","seconds":"00"},"timezone":"Europe\/Madrid","timezone_abbr":"CEST","cost":"","cost_details":{"currency_symbol":"","currency_code":"","currency_position":"suffix","values":[]},"website":"","show_map":true,"show_map_link":true,"hide_from_listings":false,"sticky":false,"featured":false,"categories":[{"name":"Units pel nostre parlar","slug":"units-pel-nostre-parlar","term_group":0,"term_taxonomy_id":36,"taxonomy":"tribe_events_cat","description":"","parent":0,"count":56,"filter":"raw","id":36,"urls":{"self":"https:\/\/cultura.santjosep.org\/es\/wp-json\/tribe\/events\/v1\/categories\/36","collection":"https:\/\/cultura.santjosep.org\/es\/wp-json\/tribe\/events\/v1\/categories"}}],"tags":[],"venue":{"id":14024,"author":"1","status":"publish","date":"2022-08-31 13:39:01","date_utc":"2022-08-31 11:39:01","modified":"2022-08-31 13:43:20","modified_utc":"2022-08-31 11:43:20","url":"https:\/\/cultura.santjosep.org\/local\/rafa-trobat\/","venue":"Es Rafal Trobat","slug":"rafa-trobat","city":"Sant Josep de Sa Talaia","country":"Espa\u00f1a","json_ld":{"@type":"Place","name":"Es Rafal Trobat","description":"","url":"https:\/\/cultura.santjosep.org\/local\/rafa-trobat\/","address":{"@type":"PostalAddress","addressLocality":"Sant Josep de Sa Talaia","addressCountry":"Espa\u00f1a"},"telephone":"","sameAs":""},"show_map":true,"show_map_link":true,"global_id":"cultura.santjosep.org\/es\/?id=14024","global_id_lineage":["cultura.santjosep.org\/es\/?id=14024"]},"organizer":[],"custom_fields":[],"json_ld":{"@context":"http:\/\/schema.org","@type":"Event","name":"Inaguraci\u00f3 de l&#8217;Espai d&#8217;interpretaci\u00f3 i educaci\u00f3 ambiental de l&#8217;abella","description":"&lt;p&gt;19:00 h | Inaguraci\u00f3 de l\\'Espai d\\'interpretaci\u00f3 i educaci\u00f3 ambiental de l\\'abella al Rafal Trobat. Descarregar el programa de units pel nostre parlar 2022&lt;\/p&gt;\\n","image":"https:\/\/cultura.santjosep.org\/wp-content\/uploads\/2022\/08\/Units2022.jpg","url":"https:\/\/cultura.santjosep.org\/es\/agenda\/inaguracio-de-lespai-dinterpretacio-i-educacio-ambiental-de-labella\/","eventAttendanceMode":"https:\/\/schema.org\/OfflineEventAttendanceMode","eventStatus":"https:\/\/schema.org\/EventScheduled","startDate":"2022-09-07T19:00:00+02:00","endDate":"2022-09-07T19:00:00+02:00","location":{"@type":"Place","name":"Es Rafal Trobat","description":"","url":"https:\/\/cultura.santjosep.org\/local\/rafa-trobat\/","address":{"@type":"PostalAddress","addressLocality":"Sant Josep de Sa Talaia","addressCountry":"Espa\u00f1a"},"telephone":"","sameAs":""},"performer":"Organization"},"is_virtual":false,"virtual_url":null,"virtual_video_source":""}