{"id":15758,"global_id":"cultura.santjosep.org\/es\/?id=15758","global_id_lineage":["cultura.santjosep.org\/es\/?id=15758"],"author":"1","status":"publish","date":"2022-12-07 14:18:00","date_utc":"2022-12-07 13:18:00","modified":"2022-12-07 14:20:05","modified_utc":"2022-12-07 13:20:05","url":"https:\/\/cultura.santjosep.org\/es\/agenda\/festa-de-la-ue-sant-josep\/","rest_url":"https:\/\/cultura.santjosep.org\/es\/wp-json\/tribe\/events\/v1\/events\/15758","title":"Festa de la UE Sant Josep","description":"<p><strong>20:00 h | Festa de la UE Sant Josep<\/strong><\/p>\n<p>M\u00fasica a c\u00e0rrec de <strong>Bah\u00eda Casanova<\/strong>.<\/p>\n<p>Ho organitzen la UE Sant Josep i Bah\u00eda Casanova.<\/p>\n<p><a href=\"https:\/\/cultura.santjosep.org\/\/wp-content\/uploads\/2022\/12\/ProgramaFestesNadal.pdf\" target=\"_blank\" rel=\"noopener\"><strong><span style=\"color: #b32920;\">Descarrega el programa de festes de Nadal 2022\/23<\/span><\/strong><\/a><\/p>","excerpt":"","slug":"festa-de-la-ue-sant-josep","image":{"url":"https:\/\/cultura.santjosep.org\/wp-content\/uploads\/2022\/12\/futbolsantjosep.jpg","id":15756,"extension":"jpg","width":1060,"height":961,"sizes":{"medium":{"width":300,"height":272,"mime-type":"image\/jpeg","url":"https:\/\/cultura.santjosep.org\/wp-content\/uploads\/2022\/12\/futbolsantjosep-300x272.jpg"},"large":{"width":1024,"height":928,"mime-type":"image\/jpeg","url":"https:\/\/cultura.santjosep.org\/wp-content\/uploads\/2022\/12\/futbolsantjosep-1024x928.jpg"},"thumbnail":{"width":150,"height":150,"mime-type":"image\/jpeg","url":"https:\/\/cultura.santjosep.org\/wp-content\/uploads\/2022\/12\/futbolsantjosep-150x150.jpg"},"medium_large":{"width":768,"height":696,"mime-type":"image\/jpeg","url":"https:\/\/cultura.santjosep.org\/wp-content\/uploads\/2022\/12\/futbolsantjosep-768x696.jpg"},"cmplz_banner_image":{"width":350,"height":100,"mime-type":"image\/jpeg","url":"https:\/\/cultura.santjosep.org\/wp-content\/uploads\/2022\/12\/futbolsantjosep-350x100.jpg"}}},"all_day":false,"start_date":"2022-12-17 20:00:00","start_date_details":{"year":"2022","month":"12","day":"17","hour":"20","minutes":"00","seconds":"00"},"end_date":"2022-12-17 20:00:00","end_date_details":{"year":"2022","month":"12","day":"17","hour":"20","minutes":"00","seconds":"00"},"utc_start_date":"2022-12-17 19:00:00","utc_start_date_details":{"year":"2022","month":"12","day":"17","hour":"19","minutes":"00","seconds":"00"},"utc_end_date":"2022-12-17 19:00:00","utc_end_date_details":{"year":"2022","month":"12","day":"17","hour":"19","minutes":"00","seconds":"00"},"timezone":"Europe\/Madrid","timezone_abbr":"CET","cost":"","cost_details":{"currency_symbol":"","currency_code":"","currency_position":"suffix","values":[]},"website":"","show_map":true,"show_map_link":true,"hide_from_listings":false,"sticky":false,"featured":false,"categories":[{"name":"Fiestas de Navidad","slug":"fiestas-de-navidad","term_group":0,"term_taxonomy_id":157,"taxonomy":"tribe_events_cat","description":"","parent":0,"count":150,"filter":"raw","id":157,"urls":{"self":"https:\/\/cultura.santjosep.org\/es\/wp-json\/tribe\/events\/v1\/categories\/157","collection":"https:\/\/cultura.santjosep.org\/es\/wp-json\/tribe\/events\/v1\/categories"}}],"tags":[],"venue":{"id":15741,"author":"1","status":"publish","date":"2022-12-07 14:00:13","date_utc":"2022-12-07 13:00:13","modified":"2022-12-07 14:00:13","modified_utc":"2022-12-07 13:00:13","url":"https:\/\/cultura.santjosep.org\/local\/aparcament-cas-vildo\/","venue":"Aparcament Cas Vildo","slug":"aparcament-cas-vildo","address":"Carrer de la Vila, 43","city":"Sant Josep de Sa Talaia","country":"Espa\u00f1a","json_ld":{"@type":"Place","name":"Aparcament Cas Vildo","description":"","url":"https:\/\/cultura.santjosep.org\/local\/aparcament-cas-vildo\/","address":{"@type":"PostalAddress","streetAddress":"Carrer de la Vila, 43","addressLocality":"Sant Josep de Sa Talaia","addressCountry":"Espa\u00f1a"},"telephone":"","sameAs":""},"show_map":true,"show_map_link":true,"global_id":"cultura.santjosep.org\/es\/?id=15741","global_id_lineage":["cultura.santjosep.org\/es\/?id=15741"]},"organizer":[],"custom_fields":[],"json_ld":{"@context":"http:\/\/schema.org","@type":"Event","name":"Festa de la UE Sant Josep","description":"&lt;p&gt;20:00 h | Festa de la UE Sant Josep M\u00fasica a c\u00e0rrec de Bah\u00eda Casanova. Ho organitzen la UE Sant Josep i Bah\u00eda Casanova. Descarrega el programa de festes de &hellip; &lt;\/p&gt;\\n&lt;p class=&quot;link-more&quot;&gt;&lt;a href=&quot;https:\/\/cultura.santjosep.org\/es\/agenda\/festa-de-la-ue-sant-josep\/&quot; class=&quot;more-link&quot;&gt;Seguir leyendo&lt;span class=&quot;screen-reader-text&quot;&gt; \u00abFesta de la UE Sant Josep\u00bb&lt;\/span&gt;&lt;\/a&gt;&lt;\/p&gt;\\n","image":"https:\/\/cultura.santjosep.org\/wp-content\/uploads\/2022\/12\/futbolsantjosep.jpg","url":"https:\/\/cultura.santjosep.org\/es\/agenda\/festa-de-la-ue-sant-josep\/","eventAttendanceMode":"https:\/\/schema.org\/OfflineEventAttendanceMode","eventStatus":"https:\/\/schema.org\/EventScheduled","startDate":"2022-12-17T20:00:00+01:00","endDate":"2022-12-17T20:00:00+01:00","location":{"@type":"Place","name":"Aparcament Cas Vildo","description":"","url":"https:\/\/cultura.santjosep.org\/local\/aparcament-cas-vildo\/","address":{"@type":"PostalAddress","streetAddress":"Carrer de la Vila, 43","addressLocality":"Sant Josep de Sa Talaia","addressCountry":"Espa\u00f1a"},"telephone":"","sameAs":""},"performer":"Organization"},"is_virtual":false,"virtual_url":null,"virtual_video_source":""}