{"id":15856,"global_id":"cultura.santjosep.org\/es\/?id=15856","global_id_lineage":["cultura.santjosep.org\/es\/?id=15856"],"author":"1","status":"publish","date":"2022-12-09 09:35:53","date_utc":"2022-12-09 08:35:53","modified":"2022-12-09 09:36:21","modified_utc":"2022-12-09 08:36:21","url":"https:\/\/cultura.santjosep.org\/es\/agenda\/missa-amb-representacio-de-betlem-vivent\/","rest_url":"https:\/\/cultura.santjosep.org\/es\/wp-json\/tribe\/events\/v1\/events\/15856","title":"Missa amb representaci\u00f3 de betlem vivent","description":"<p><strong>12:00h | Missa amb representaci\u00f3 de betlem vivent<\/strong><\/p>\n<p><a href=\"https:\/\/cultura.santjosep.org\/\/wp-content\/uploads\/2022\/12\/ProgramaFestesNadal.pdf\" target=\"_blank\" rel=\"noopener\"><strong><span style=\"color: #b32920;\">Descarrega el programa de festes de Nadal 2022\/23<\/span><\/strong><\/a><\/p>","excerpt":"","slug":"missa-amb-representacio-de-betlem-vivent","image":{"url":"https:\/\/cultura.santjosep.org\/wp-content\/uploads\/2021\/12\/P1012828.jpg","id":9455,"extension":"jpg","width":1500,"height":1125,"sizes":{"medium":{"width":300,"height":225,"mime-type":"image\/jpeg","url":"https:\/\/cultura.santjosep.org\/wp-content\/uploads\/2021\/12\/P1012828-300x225.jpg"},"large":{"width":1024,"height":768,"mime-type":"image\/jpeg","url":"https:\/\/cultura.santjosep.org\/wp-content\/uploads\/2021\/12\/P1012828-1024x768.jpg"},"thumbnail":{"width":150,"height":150,"mime-type":"image\/jpeg","url":"https:\/\/cultura.santjosep.org\/wp-content\/uploads\/2021\/12\/P1012828-150x150.jpg"},"medium_large":{"width":768,"height":576,"mime-type":"image\/jpeg","url":"https:\/\/cultura.santjosep.org\/wp-content\/uploads\/2021\/12\/P1012828-768x576.jpg"},"mailpoet_newsletter_max":{"width":1320,"height":990,"mime-type":"image\/jpeg","url":"https:\/\/cultura.santjosep.org\/wp-content\/uploads\/2021\/12\/P1012828-1320x990.jpg"}}},"all_day":false,"start_date":"2022-12-25 12:00:00","start_date_details":{"year":"2022","month":"12","day":"25","hour":"12","minutes":"00","seconds":"00"},"end_date":"2022-12-25 12:00:00","end_date_details":{"year":"2022","month":"12","day":"25","hour":"12","minutes":"00","seconds":"00"},"utc_start_date":"2022-12-25 11:00:00","utc_start_date_details":{"year":"2022","month":"12","day":"25","hour":"11","minutes":"00","seconds":"00"},"utc_end_date":"2022-12-25 11:00:00","utc_end_date_details":{"year":"2022","month":"12","day":"25","hour":"11","minutes":"00","seconds":"00"},"timezone":"Europe\/Madrid","timezone_abbr":"CET","cost":"","cost_details":{"currency_symbol":"","currency_code":"","currency_position":"suffix","values":[]},"website":"","show_map":true,"show_map_link":true,"hide_from_listings":false,"sticky":false,"featured":false,"categories":[{"name":"Fiestas de Navidad","slug":"fiestas-de-navidad","term_group":0,"term_taxonomy_id":157,"taxonomy":"tribe_events_cat","description":"","parent":0,"count":150,"filter":"raw","id":157,"urls":{"self":"https:\/\/cultura.santjosep.org\/es\/wp-json\/tribe\/events\/v1\/categories\/157","collection":"https:\/\/cultura.santjosep.org\/es\/wp-json\/tribe\/events\/v1\/categories"}}],"tags":[],"venue":{"id":4305,"author":"1","status":"publish","date":"2020-12-01 09:30:23","date_utc":"2020-12-01 08:30:23","modified":"2020-12-01 09:30:23","modified_utc":"2020-12-01 08:30:23","url":"https:\/\/cultura.santjosep.org\/local\/esglesia-de-sant-josep\/","venue":"Esgl\u00e9sia de Sant Josep","slug":"esglesia-de-sant-josep","city":"Sant Josep de Sa Talaia","country":"Espa\u00f1a","json_ld":{"@type":"Place","name":"Esgl\u00e9sia de Sant Josep","description":"","url":"https:\/\/cultura.santjosep.org\/local\/esglesia-de-sant-josep\/","address":{"@type":"PostalAddress","addressLocality":"Sant Josep de Sa Talaia","addressCountry":"Espa\u00f1a"},"telephone":"","sameAs":""},"show_map":true,"show_map_link":true,"global_id":"cultura.santjosep.org\/es\/?id=4305","global_id_lineage":["cultura.santjosep.org\/es\/?id=4305"]},"organizer":[],"custom_fields":[],"json_ld":{"@context":"http:\/\/schema.org","@type":"Event","name":"Missa amb representaci\u00f3 de betlem vivent","description":"&lt;p&gt;12:00h | Missa amb representaci\u00f3 de betlem vivent Descarrega el programa de festes de Nadal 2022\/23&lt;\/p&gt;\\n","image":"https:\/\/cultura.santjosep.org\/wp-content\/uploads\/2021\/12\/P1012828.jpg","url":"https:\/\/cultura.santjosep.org\/es\/agenda\/missa-amb-representacio-de-betlem-vivent\/","eventAttendanceMode":"https:\/\/schema.org\/OfflineEventAttendanceMode","eventStatus":"https:\/\/schema.org\/EventScheduled","startDate":"2022-12-25T12:00:00+01:00","endDate":"2022-12-25T12:00:00+01:00","location":{"@type":"Place","name":"Esgl\u00e9sia de Sant Josep","description":"","url":"https:\/\/cultura.santjosep.org\/local\/esglesia-de-sant-josep\/","address":{"@type":"PostalAddress","addressLocality":"Sant Josep de Sa Talaia","addressCountry":"Espa\u00f1a"},"telephone":"","sameAs":""},"performer":"Organization"},"is_virtual":false,"virtual_url":null,"virtual_video_source":""}