{"id":15910,"global_id":"cultura.santjosep.org\/es\/?id=15910","global_id_lineage":["cultura.santjosep.org\/es\/?id=15910"],"author":"1","status":"publish","date":"2022-12-09 10:34:45","date_utc":"2022-12-09 09:34:45","modified":"2022-12-09 10:34:45","modified_utc":"2022-12-09 09:34:45","url":"https:\/\/cultura.santjosep.org\/es\/agenda\/excursio-a-peu-per-ses-salines\/","rest_url":"https:\/\/cultura.santjosep.org\/es\/wp-json\/tribe\/events\/v1\/events\/15910","title":"Excursi\u00f3 a peu per Ses Salines","description":"<p><strong>10:30 h | Excursi\u00f3 a peu per Ses Salines<\/strong><\/p>\n<p>Sortida en autob\u00fas de l&#8217;aparcament de Cas Vildo. Dinar de senall\u00f3. Tornada despr\u00e9s de dinar.<\/p>\n<p><strong>Dificultat baixa.<\/strong><\/p>\n<p>Per a m\u00e9s informaci\u00f3, escriviu a l\u00a1adre\u00e7a electr\u00f2nica: <a href=\"mailto:vesins.benimussa@gmail.com\">vesins.benimussa@gmail.com<\/a><\/p>\n<p>Ho organitza l&#8217;AV de Benimussa.<\/p>\n<p><a href=\"https:\/\/cultura.santjosep.org\/\/wp-content\/uploads\/2022\/12\/ProgramaFestesNadal.pdf\" target=\"_blank\" rel=\"noopener\"><strong><span style=\"color: #b32920;\">Descarrega el programa de festes de Nadal 2022\/23<\/span><\/strong><\/a><\/p>","excerpt":"","slug":"excursio-a-peu-per-ses-salines","image":{"url":"https:\/\/cultura.santjosep.org\/wp-content\/uploads\/2022\/12\/sessalines.jpg","id":15908,"extension":"jpg","width":1900,"height":1425,"sizes":{"medium":{"width":300,"height":225,"mime-type":"image\/jpeg","url":"https:\/\/cultura.santjosep.org\/wp-content\/uploads\/2022\/12\/sessalines-300x225.jpg"},"large":{"width":1024,"height":768,"mime-type":"image\/jpeg","url":"https:\/\/cultura.santjosep.org\/wp-content\/uploads\/2022\/12\/sessalines-1024x768.jpg"},"thumbnail":{"width":150,"height":150,"mime-type":"image\/jpeg","url":"https:\/\/cultura.santjosep.org\/wp-content\/uploads\/2022\/12\/sessalines-150x150.jpg"},"medium_large":{"width":768,"height":576,"mime-type":"image\/jpeg","url":"https:\/\/cultura.santjosep.org\/wp-content\/uploads\/2022\/12\/sessalines-768x576.jpg"},"1536x1536":{"width":1536,"height":1152,"mime-type":"image\/jpeg","url":"https:\/\/cultura.santjosep.org\/wp-content\/uploads\/2022\/12\/sessalines-1536x1152.jpg"},"post-thumbnail":{"width":1568,"height":1176,"mime-type":"image\/jpeg","url":"https:\/\/cultura.santjosep.org\/wp-content\/uploads\/2022\/12\/sessalines-1568x1176.jpg"},"mailpoet_newsletter_max":{"width":1320,"height":990,"mime-type":"image\/jpeg","url":"https:\/\/cultura.santjosep.org\/wp-content\/uploads\/2022\/12\/sessalines-1320x990.jpg"},"cmplz_banner_image":{"width":350,"height":100,"mime-type":"image\/jpeg","url":"https:\/\/cultura.santjosep.org\/wp-content\/uploads\/2022\/12\/sessalines-350x100.jpg"}}},"all_day":false,"start_date":"2023-01-08 10:30:00","start_date_details":{"year":"2023","month":"01","day":"08","hour":"10","minutes":"30","seconds":"00"},"end_date":"2023-01-08 10:30:00","end_date_details":{"year":"2023","month":"01","day":"08","hour":"10","minutes":"30","seconds":"00"},"utc_start_date":"2023-01-08 09:30:00","utc_start_date_details":{"year":"2023","month":"01","day":"08","hour":"09","minutes":"30","seconds":"00"},"utc_end_date":"2023-01-08 09:30:00","utc_end_date_details":{"year":"2023","month":"01","day":"08","hour":"09","minutes":"30","seconds":"00"},"timezone":"Europe\/Madrid","timezone_abbr":"CET","cost":"","cost_details":{"currency_symbol":"","currency_code":"","currency_position":"suffix","values":[]},"website":"","show_map":true,"show_map_link":true,"hide_from_listings":false,"sticky":false,"featured":false,"categories":[{"name":"Excursions","slug":"excursions-es","term_group":0,"term_taxonomy_id":102,"taxonomy":"tribe_events_cat","description":"","parent":0,"count":24,"filter":"raw","id":102,"urls":{"self":"https:\/\/cultura.santjosep.org\/es\/wp-json\/tribe\/events\/v1\/categories\/102","collection":"https:\/\/cultura.santjosep.org\/es\/wp-json\/tribe\/events\/v1\/categories"}},{"name":"Fiestas de Navidad","slug":"fiestas-de-navidad","term_group":0,"term_taxonomy_id":157,"taxonomy":"tribe_events_cat","description":"","parent":0,"count":150,"filter":"raw","id":157,"urls":{"self":"https:\/\/cultura.santjosep.org\/es\/wp-json\/tribe\/events\/v1\/categories\/157","collection":"https:\/\/cultura.santjosep.org\/es\/wp-json\/tribe\/events\/v1\/categories"}}],"tags":[],"venue":{"id":15741,"author":"1","status":"publish","date":"2022-12-07 14:00:13","date_utc":"2022-12-07 13:00:13","modified":"2022-12-07 14:00:13","modified_utc":"2022-12-07 13:00:13","url":"https:\/\/cultura.santjosep.org\/local\/aparcament-cas-vildo\/","venue":"Aparcament Cas Vildo","slug":"aparcament-cas-vildo","address":"Carrer de la Vila, 43","city":"Sant Josep de Sa Talaia","country":"Espa\u00f1a","json_ld":{"@type":"Place","name":"Aparcament Cas Vildo","description":"","url":"https:\/\/cultura.santjosep.org\/local\/aparcament-cas-vildo\/","address":{"@type":"PostalAddress","streetAddress":"Carrer de la Vila, 43","addressLocality":"Sant Josep de Sa Talaia","addressCountry":"Espa\u00f1a"},"telephone":"","sameAs":""},"show_map":true,"show_map_link":true,"global_id":"cultura.santjosep.org\/es\/?id=15741","global_id_lineage":["cultura.santjosep.org\/es\/?id=15741"]},"organizer":[],"custom_fields":[],"json_ld":{"@context":"http:\/\/schema.org","@type":"Event","name":"Excursi\u00f3 a peu per Ses Salines","description":"&lt;p&gt;10:30 h | Excursi\u00f3 a peu per Ses Salines Sortida en autob\u00fas de l\\'aparcament de Cas Vildo. Dinar de senall\u00f3. Tornada despr\u00e9s de dinar. Dificultat baixa. Per a m\u00e9s informaci\u00f3, &hellip; &lt;\/p&gt;\\n&lt;p class=&quot;link-more&quot;&gt;&lt;a href=&quot;https:\/\/cultura.santjosep.org\/es\/agenda\/excursio-a-peu-per-ses-salines\/&quot; class=&quot;more-link&quot;&gt;Seguir leyendo&lt;span class=&quot;screen-reader-text&quot;&gt; \u00abExcursi\u00f3 a peu per Ses Salines\u00bb&lt;\/span&gt;&lt;\/a&gt;&lt;\/p&gt;\\n","image":"https:\/\/cultura.santjosep.org\/wp-content\/uploads\/2022\/12\/sessalines.jpg","url":"https:\/\/cultura.santjosep.org\/es\/agenda\/excursio-a-peu-per-ses-salines\/","eventAttendanceMode":"https:\/\/schema.org\/OfflineEventAttendanceMode","eventStatus":"https:\/\/schema.org\/EventScheduled","startDate":"2023-01-08T10:30:00+01:00","endDate":"2023-01-08T10:30:00+01:00","location":{"@type":"Place","name":"Aparcament Cas Vildo","description":"","url":"https:\/\/cultura.santjosep.org\/local\/aparcament-cas-vildo\/","address":{"@type":"PostalAddress","streetAddress":"Carrer de la Vila, 43","addressLocality":"Sant Josep de Sa Talaia","addressCountry":"Espa\u00f1a"},"telephone":"","sameAs":""},"performer":"Organization"},"is_virtual":false,"virtual_url":null,"virtual_video_source":""}