{"id":15978,"global_id":"cultura.santjosep.org\/es\/?id=15978","global_id_lineage":["cultura.santjosep.org\/es\/?id=15978"],"author":"1","status":"publish","date":"2022-12-09 11:54:47","date_utc":"2022-12-09 10:54:47","modified":"2022-12-09 11:54:47","modified_utc":"2022-12-09 10:54:47","url":"https:\/\/cultura.santjosep.org\/es\/agenda\/concert-del-cor-de-la-parroquia-de-lesglesia\/","rest_url":"https:\/\/cultura.santjosep.org\/es\/wp-json\/tribe\/events\/v1\/events\/15978","title":"Concert del Cor de la parr\u00f2quia de l&#8217;esgl\u00e9sia","description":"<p><strong>19:30 h | Concert del Cor de la parr\u00f2quia de l&#8217;esgl\u00e9sia<\/strong><\/p>","excerpt":"","slug":"concert-del-cor-de-la-parroquia-de-lesglesia","image":{"url":"https:\/\/cultura.santjosep.org\/wp-content\/uploads\/2022\/12\/santjordi.jpg","id":15973,"extension":"jpg","width":1200,"height":800,"sizes":{"medium":{"width":300,"height":200,"mime-type":"image\/jpeg","url":"https:\/\/cultura.santjosep.org\/wp-content\/uploads\/2022\/12\/santjordi-300x200.jpg"},"large":{"width":1024,"height":683,"mime-type":"image\/jpeg","url":"https:\/\/cultura.santjosep.org\/wp-content\/uploads\/2022\/12\/santjordi-1024x683.jpg"},"thumbnail":{"width":150,"height":150,"mime-type":"image\/jpeg","url":"https:\/\/cultura.santjosep.org\/wp-content\/uploads\/2022\/12\/santjordi-150x150.jpg"},"medium_large":{"width":768,"height":512,"mime-type":"image\/jpeg","url":"https:\/\/cultura.santjosep.org\/wp-content\/uploads\/2022\/12\/santjordi-768x512.jpg"},"cmplz_banner_image":{"width":350,"height":100,"mime-type":"image\/jpeg","url":"https:\/\/cultura.santjosep.org\/wp-content\/uploads\/2022\/12\/santjordi-350x100.jpg"}}},"all_day":false,"start_date":"2023-01-07 19:30:00","start_date_details":{"year":"2023","month":"01","day":"07","hour":"19","minutes":"30","seconds":"00"},"end_date":"2023-01-07 19:30:00","end_date_details":{"year":"2023","month":"01","day":"07","hour":"19","minutes":"30","seconds":"00"},"utc_start_date":"2023-01-07 18:30:00","utc_start_date_details":{"year":"2023","month":"01","day":"07","hour":"18","minutes":"30","seconds":"00"},"utc_end_date":"2023-01-07 18:30:00","utc_end_date_details":{"year":"2023","month":"01","day":"07","hour":"18","minutes":"30","seconds":"00"},"timezone":"Europe\/Madrid","timezone_abbr":"CET","cost":"","cost_details":{"currency_symbol":"","currency_code":"","currency_position":"suffix","values":[]},"website":"","show_map":true,"show_map_link":true,"hide_from_listings":false,"sticky":false,"featured":false,"categories":[{"name":"Conciertos","slug":"conciertos","term_group":0,"term_taxonomy_id":31,"taxonomy":"tribe_events_cat","description":"","parent":0,"count":222,"filter":"raw","id":31,"urls":{"self":"https:\/\/cultura.santjosep.org\/es\/wp-json\/tribe\/events\/v1\/categories\/31","collection":"https:\/\/cultura.santjosep.org\/es\/wp-json\/tribe\/events\/v1\/categories"}},{"name":"Fiestas de Navidad","slug":"fiestas-de-navidad","term_group":0,"term_taxonomy_id":157,"taxonomy":"tribe_events_cat","description":"","parent":0,"count":150,"filter":"raw","id":157,"urls":{"self":"https:\/\/cultura.santjosep.org\/es\/wp-json\/tribe\/events\/v1\/categories\/157","collection":"https:\/\/cultura.santjosep.org\/es\/wp-json\/tribe\/events\/v1\/categories"}}],"tags":[],"venue":{"id":281,"author":"1","status":"publish","date":"2020-10-05 13:55:41","date_utc":"2020-10-05 11:55:41","modified":"2020-10-06 11:26:15","modified_utc":"2020-10-06 09:26:15","url":"https:\/\/cultura.santjosep.org\/es\/local\/plaza-de-la-iglesia-de-sant-jordi\/","venue":"Plaza de la iglesia de Sant Jordi","slug":"plaza-de-la-iglesia-de-sant-jordi","address":"Carrer Cementeri","city":"Sant Jordi de ses Salines","country":"Espa\u00f1a","province":"Illes Balears","zip":"07817","stateprovince":"Illes Balears","json_ld":{"@type":"Place","name":"Plaza de la iglesia de Sant Jordi","description":"","url":"https:\/\/cultura.santjosep.org\/es\/local\/plaza-de-la-iglesia-de-sant-jordi\/","address":{"@type":"PostalAddress","streetAddress":"Carrer Cementeri","addressLocality":"Sant Jordi de ses Salines","addressRegion":"Illes Balears","postalCode":"07817","addressCountry":"Espa\u00f1a"},"telephone":"","sameAs":""},"show_map":true,"show_map_link":true,"global_id":"cultura.santjosep.org\/es\/?id=281","global_id_lineage":["cultura.santjosep.org\/es\/?id=281"]},"organizer":[],"custom_fields":[],"json_ld":{"@context":"http:\/\/schema.org","@type":"Event","name":"Concert del Cor de la parr\u00f2quia de l&#8217;esgl\u00e9sia","description":"&lt;p&gt;19:30 h | Concert del Cor de la parr\u00f2quia de l\\'esgl\u00e9sia&lt;\/p&gt;\\n","image":"https:\/\/cultura.santjosep.org\/wp-content\/uploads\/2022\/12\/santjordi.jpg","url":"https:\/\/cultura.santjosep.org\/es\/agenda\/concert-del-cor-de-la-parroquia-de-lesglesia\/","eventAttendanceMode":"https:\/\/schema.org\/OfflineEventAttendanceMode","eventStatus":"https:\/\/schema.org\/EventScheduled","startDate":"2023-01-07T19:30:00+01:00","endDate":"2023-01-07T19:30:00+01:00","location":{"@type":"Place","name":"Plaza de la iglesia de Sant Jordi","description":"","url":"https:\/\/cultura.santjosep.org\/es\/local\/plaza-de-la-iglesia-de-sant-jordi\/","address":{"@type":"PostalAddress","streetAddress":"Carrer Cementeri","addressLocality":"Sant Jordi de ses Salines","addressRegion":"Illes Balears","postalCode":"07817","addressCountry":"Espa\u00f1a"},"telephone":"","sameAs":""},"performer":"Organization"},"is_virtual":false,"virtual_url":null,"virtual_video_source":""}