{"id":16479,"global_id":"cultura.santjosep.org\/es\/?id=16479","global_id_lineage":["cultura.santjosep.org\/es\/?id=16479"],"author":"1","status":"publish","date":"2023-01-10 11:18:46","date_utc":"2023-01-10 10:18:46","modified":"2023-01-10 11:20:34","modified_utc":"2023-01-10 10:20:34","url":"https:\/\/cultura.santjosep.org\/es\/agenda\/divendres-de-cine-a-can-jeroni-alle-hater-johan\/","rest_url":"https:\/\/cultura.santjosep.org\/es\/wp-json\/tribe\/events\/v1\/events\/16479","title":"Divendres de cine a Can Jeroni \u2013 \u2018Alle hater Johan\u2019","description":"<p><strong>&#8216;Alle hater Johan&#8217;| VOSE | 2022 |<\/strong><\/p>\n<p><strong>Duraci\u00f3:<\/strong> 93 min. Noruega<br \/>\n<strong>Direcci\u00f3:<\/strong> Hallvar Witz\u00f8<br \/>\n<strong>Sinopsi: <\/strong>Johan \u00e9s un exc\u00e8ntric i inadaptat habitant d&#8217;un petit llogaret noruec. Orfe des de nen i aficionat als explosius, Johan intenta conquistar el cor de la seva ve\u00efna Solvor, a qui va volar per l&#8217;aire accidentalment de petits.<br \/>\n<strong><br \/>\nEntrada lliure fins a completar aforament.<\/strong><\/p>\n<p><img loading=\"lazy\" decoding=\"async\" class=\"alignnone size-full wp-image-16480\" src=\"https:\/\/cultura.santjosep.org\/wp-content\/uploads\/2023\/01\/alle_hater_johan-107508009-large.jpg\" alt=\"\" width=\"840\" height=\"1200\" srcset=\"https:\/\/cultura.santjosep.org\/wp-content\/uploads\/2023\/01\/alle_hater_johan-107508009-large.jpg 840w, https:\/\/cultura.santjosep.org\/wp-content\/uploads\/2023\/01\/alle_hater_johan-107508009-large-210x300.jpg 210w, https:\/\/cultura.santjosep.org\/wp-content\/uploads\/2023\/01\/alle_hater_johan-107508009-large-717x1024.jpg 717w, https:\/\/cultura.santjosep.org\/wp-content\/uploads\/2023\/01\/alle_hater_johan-107508009-large-768x1097.jpg 768w\" sizes=\"auto, (max-width: 840px) 100vw, 840px\" \/><\/p>","excerpt":"","slug":"divendres-de-cine-a-can-jeroni-alle-hater-johan","image":{"url":"https:\/\/cultura.santjosep.org\/wp-content\/uploads\/2023\/01\/Todo-el-mundo-odia-a-Johan_2_web.jpg","id":16483,"extension":"jpg","width":1360,"height":730,"sizes":{"medium":{"width":300,"height":161,"mime-type":"image\/jpeg","url":"https:\/\/cultura.santjosep.org\/wp-content\/uploads\/2023\/01\/Todo-el-mundo-odia-a-Johan_2_web-300x161.jpg"},"large":{"width":1024,"height":550,"mime-type":"image\/jpeg","url":"https:\/\/cultura.santjosep.org\/wp-content\/uploads\/2023\/01\/Todo-el-mundo-odia-a-Johan_2_web-1024x550.jpg"},"thumbnail":{"width":150,"height":150,"mime-type":"image\/jpeg","url":"https:\/\/cultura.santjosep.org\/wp-content\/uploads\/2023\/01\/Todo-el-mundo-odia-a-Johan_2_web-150x150.jpg"},"medium_large":{"width":768,"height":412,"mime-type":"image\/jpeg","url":"https:\/\/cultura.santjosep.org\/wp-content\/uploads\/2023\/01\/Todo-el-mundo-odia-a-Johan_2_web-768x412.jpg"},"mailpoet_newsletter_max":{"width":1320,"height":709,"mime-type":"image\/jpeg","url":"https:\/\/cultura.santjosep.org\/wp-content\/uploads\/2023\/01\/Todo-el-mundo-odia-a-Johan_2_web-1320x709.jpg"},"cmplz_banner_image":{"width":350,"height":100,"mime-type":"image\/jpeg","url":"https:\/\/cultura.santjosep.org\/wp-content\/uploads\/2023\/01\/Todo-el-mundo-odia-a-Johan_2_web-350x100.jpg"}}},"all_day":false,"start_date":"2023-01-20 20:00:00","start_date_details":{"year":"2023","month":"01","day":"20","hour":"20","minutes":"00","seconds":"00"},"end_date":"2023-01-20 20:00:00","end_date_details":{"year":"2023","month":"01","day":"20","hour":"20","minutes":"00","seconds":"00"},"utc_start_date":"2023-01-20 19:00:00","utc_start_date_details":{"year":"2023","month":"01","day":"20","hour":"19","minutes":"00","seconds":"00"},"utc_end_date":"2023-01-20 19:00:00","utc_end_date_details":{"year":"2023","month":"01","day":"20","hour":"19","minutes":"00","seconds":"00"},"timezone":"Europe\/Madrid","timezone_abbr":"CET","cost":"","cost_details":{"currency_symbol":"","currency_code":"","currency_position":"suffix","values":[]},"website":"","show_map":true,"show_map_link":true,"hide_from_listings":false,"sticky":false,"featured":false,"categories":[{"name":"Cine","slug":"cine","term_group":0,"term_taxonomy_id":30,"taxonomy":"tribe_events_cat","description":"","parent":0,"count":211,"filter":"raw","id":30,"urls":{"self":"https:\/\/cultura.santjosep.org\/es\/wp-json\/tribe\/events\/v1\/categories\/30","collection":"https:\/\/cultura.santjosep.org\/es\/wp-json\/tribe\/events\/v1\/categories"}}],"tags":[],"venue":{"id":284,"author":"1","status":"publish","date":"2020-10-05 12:35:53","date_utc":"2020-10-05 10:35:53","modified":"2020-10-06 18:35:05","modified_utc":"2020-10-06 16:35:05","url":"https:\/\/cultura.santjosep.org\/es\/local\/centro-de-cultura-can-jeroni\/","venue":"Centro de Cultura Can Jeroni","description":"<p><img loading=\"lazy\" decoding=\"async\" class=\"alignnone wp-image-60 size-large\" src=\"https:\/\/cultura.santjosep.org\/wp-content\/uploads\/2020\/10\/can-jeroni-fachada-trasera-1024x683.jpg\" alt=\"\" width=\"640\" height=\"427\" srcset=\"https:\/\/cultura.santjosep.org\/wp-content\/uploads\/2020\/10\/can-jeroni-fachada-trasera-1024x683.jpg 1024w, https:\/\/cultura.santjosep.org\/wp-content\/uploads\/2020\/10\/can-jeroni-fachada-trasera-300x200.jpg 300w, https:\/\/cultura.santjosep.org\/wp-content\/uploads\/2020\/10\/can-jeroni-fachada-trasera-768x512.jpg 768w, https:\/\/cultura.santjosep.org\/wp-content\/uploads\/2020\/10\/can-jeroni-fachada-trasera-1536x1024.jpg 1536w, https:\/\/cultura.santjosep.org\/wp-content\/uploads\/2020\/10\/can-jeroni-fachada-trasera-2048x1365.jpg 2048w, https:\/\/cultura.santjosep.org\/wp-content\/uploads\/2020\/10\/can-jeroni-fachada-trasera-1568x1045.jpg 1568w, https:\/\/cultura.santjosep.org\/wp-content\/uploads\/2020\/10\/can-jeroni-fachada-trasera-450x300.jpg 450w\" sizes=\"auto, (max-width: 640px) 100vw, 640px\" \/><\/p>","slug":"centro-de-cultura-can-jeroni","image":{"url":"https:\/\/cultura.santjosep.org\/wp-content\/uploads\/2020\/10\/logo_canjeroni.png","id":2671,"extension":"png","width":1107,"height":507,"sizes":{"medium":{"width":300,"height":137,"mime-type":"image\/png","url":"https:\/\/cultura.santjosep.org\/wp-content\/uploads\/2020\/10\/logo_canjeroni-300x137.png"},"large":{"width":1024,"height":469,"mime-type":"image\/png","url":"https:\/\/cultura.santjosep.org\/wp-content\/uploads\/2020\/10\/logo_canjeroni-1024x469.png"},"thumbnail":{"width":150,"height":150,"mime-type":"image\/png","url":"https:\/\/cultura.santjosep.org\/wp-content\/uploads\/2020\/10\/logo_canjeroni-150x150.png"},"medium_large":{"width":768,"height":352,"mime-type":"image\/png","url":"https:\/\/cultura.santjosep.org\/wp-content\/uploads\/2020\/10\/logo_canjeroni-768x352.png"},"woocommerce_thumbnail":{"width":300,"height":300,"mime-type":"image\/png","url":"https:\/\/cultura.santjosep.org\/wp-content\/uploads\/2020\/10\/logo_canjeroni-300x300.png"},"woocommerce_single":{"width":450,"height":206,"mime-type":"image\/png","url":"https:\/\/cultura.santjosep.org\/wp-content\/uploads\/2020\/10\/logo_canjeroni-450x206.png"},"woocommerce_gallery_thumbnail":{"width":100,"height":100,"mime-type":"image\/png","url":"https:\/\/cultura.santjosep.org\/wp-content\/uploads\/2020\/10\/logo_canjeroni-100x100.png"},"shop_catalog":{"width":300,"height":300,"mime-type":"image\/png","url":"https:\/\/cultura.santjosep.org\/wp-content\/uploads\/2020\/10\/logo_canjeroni-300x300.png"},"shop_single":{"width":450,"height":206,"mime-type":"image\/png","url":"https:\/\/cultura.santjosep.org\/wp-content\/uploads\/2020\/10\/logo_canjeroni-450x206.png"},"shop_thumbnail":{"width":100,"height":100,"mime-type":"image\/png","url":"https:\/\/cultura.santjosep.org\/wp-content\/uploads\/2020\/10\/logo_canjeroni-100x100.png"}}},"address":"Carrer sa Talaia, 16","city":"Sant Josep de sa Talaia","country":"Espa\u00f1a","province":"Illes Balears","zip":"07830","phone":"971 801 513","website":"https:\/\/www.facebook.com\/CanJeronicentredecultura\/","stateprovince":"Illes Balears","geo_lat":38.921593999999998914063326083123683929443359375,"geo_lng":1.2927750000000000074606987254810519516468048095703125,"json_ld":{"@type":"Place","name":"Centro de Cultura Can Jeroni","description":"","image":"https:\/\/cultura.santjosep.org\/wp-content\/uploads\/2020\/10\/logo_canjeroni.png","url":"https:\/\/cultura.santjosep.org\/es\/local\/centro-de-cultura-can-jeroni\/","address":{"@type":"PostalAddress","streetAddress":"Carrer sa Talaia, 16","addressLocality":"Sant Josep de sa Talaia","addressRegion":"Illes Balears","postalCode":"07830","addressCountry":"Espa\u00f1a"},"geo":{"@type":"GeoCoordinates","latitude":38.921593999999998914063326083123683929443359375,"longitude":1.2927750000000000074606987254810519516468048095703125},"telephone":"971 801 513","sameAs":"https:\/\/www.facebook.com\/CanJeronicentredecultura\/"},"show_map":true,"show_map_link":true,"global_id":"cultura.santjosep.org\/es\/?id=284","global_id_lineage":["cultura.santjosep.org\/es\/?id=284"]},"organizer":[],"custom_fields":[],"json_ld":{"@context":"http:\/\/schema.org","@type":"Event","name":"Divendres de cine a Can Jeroni \u2013 \u2018Alle hater Johan\u2019","description":"&lt;p&gt;\\'Alle hater Johan\\'| VOSE | 2022 | Duraci\u00f3: 93 min. Noruega Direcci\u00f3: Hallvar Witz\u00f8 Sinopsi: Johan \u00e9s un exc\u00e8ntric i inadaptat habitant d\\'un petit llogaret noruec. Orfe des de nen &hellip; &lt;\/p&gt;\\n&lt;p class=&quot;link-more&quot;&gt;&lt;a href=&quot;https:\/\/cultura.santjosep.org\/es\/agenda\/divendres-de-cine-a-can-jeroni-alle-hater-johan\/&quot; class=&quot;more-link&quot;&gt;Seguir leyendo&lt;span class=&quot;screen-reader-text&quot;&gt; \u00abDivendres de cine a Can Jeroni \u2013 \u2018Alle hater Johan\u2019\u00bb&lt;\/span&gt;&lt;\/a&gt;&lt;\/p&gt;\\n","image":"https:\/\/cultura.santjosep.org\/wp-content\/uploads\/2023\/01\/Todo-el-mundo-odia-a-Johan_2_web.jpg","url":"https:\/\/cultura.santjosep.org\/es\/agenda\/divendres-de-cine-a-can-jeroni-alle-hater-johan\/","eventAttendanceMode":"https:\/\/schema.org\/OfflineEventAttendanceMode","eventStatus":"https:\/\/schema.org\/EventScheduled","startDate":"2023-01-20T20:00:00+01:00","endDate":"2023-01-20T20:00:00+01:00","location":{"@type":"Place","name":"Centro de Cultura Can Jeroni","description":"","image":"https:\/\/cultura.santjosep.org\/wp-content\/uploads\/2020\/10\/logo_canjeroni.png","url":"https:\/\/cultura.santjosep.org\/es\/local\/centro-de-cultura-can-jeroni\/","address":{"@type":"PostalAddress","streetAddress":"Carrer sa Talaia, 16","addressLocality":"Sant Josep de sa Talaia","addressRegion":"Illes Balears","postalCode":"07830","addressCountry":"Espa\u00f1a"},"geo":{"@type":"GeoCoordinates","latitude":38.921593999999998914063326083123683929443359375,"longitude":1.2927750000000000074606987254810519516468048095703125},"telephone":"971 801 513","sameAs":"https:\/\/www.facebook.com\/CanJeronicentredecultura\/"},"performer":"Organization"},"is_virtual":false,"virtual_url":null,"virtual_video_source":""}