{"id":16554,"global_id":"cultura.santjosep.org\/es\/?id=16554","global_id_lineage":["cultura.santjosep.org\/es\/?id=16554"],"author":"1","status":"publish","date":"2023-01-19 11:19:30","date_utc":"2023-01-19 10:19:30","modified":"2023-01-19 11:24:38","modified_utc":"2023-01-19 10:24:38","url":"https:\/\/cultura.santjosep.org\/es\/agenda\/inaguracio-mini-rampa-sant-jordi\/","rest_url":"https:\/\/cultura.santjosep.org\/es\/wp-json\/tribe\/events\/v1\/events\/16554","title":"Inauguraci\u00f3 mini rampa Sant Jordi","description":"<p><strong>12:00 h | Inaguraci\u00f3 mini rampa Sant Jordi<\/strong><\/p>\n<p>Exhibici\u00f3 de convidats de les 14:00 h a les 16:00 h:<\/p>\n<ul>\n<li><strong>Valentina Planes<\/strong> (Coru\u00f1a)<\/li>\n<li><strong>El Gran Toni<\/strong> (Mallorca)<\/li>\n<li><strong>Gabriel Salazar<\/strong> (Madrid)<\/li>\n<li><strong>Team EZK8<\/strong><\/li>\n<\/ul>\n<p>Campionat local de les 16:00 h a les 20:00 h.<\/p>\n<p><strong>Premis:<\/strong><\/p>\n<ul>\n<li>Primer: 150 \u20ac<\/li>\n<li>Segon: 100 \u20ac<\/li>\n<li>Tercer: 50 \u20ac<\/li>\n<\/ul>\n<p>Grafit amb <strong>Fossi i Shine<\/strong>. M\u00fasica amb <strong>DJ Kace.<\/strong><br \/>\nCurs de <strong>Skateboard gratu\u00eft<\/strong> de 12:00 h a 14:00 h.<br \/>\n<strong>Mejar i beguda<\/strong> amb preus populars.<\/p>","excerpt":"","slug":"inaguracio-mini-rampa-sant-jordi","image":{"url":"https:\/\/cultura.santjosep.org\/wp-content\/uploads\/2023\/01\/eventskate.jpeg","id":16552,"extension":"jpeg","width":848,"height":1200,"sizes":{"medium":{"width":212,"height":300,"mime-type":"image\/jpeg","url":"https:\/\/cultura.santjosep.org\/wp-content\/uploads\/2023\/01\/eventskate-212x300.jpeg"},"large":{"width":724,"height":1024,"mime-type":"image\/jpeg","url":"https:\/\/cultura.santjosep.org\/wp-content\/uploads\/2023\/01\/eventskate-724x1024.jpeg"},"thumbnail":{"width":150,"height":150,"mime-type":"image\/jpeg","url":"https:\/\/cultura.santjosep.org\/wp-content\/uploads\/2023\/01\/eventskate-150x150.jpeg"},"medium_large":{"width":768,"height":1087,"mime-type":"image\/jpeg","url":"https:\/\/cultura.santjosep.org\/wp-content\/uploads\/2023\/01\/eventskate-768x1087.jpeg"},"cmplz_banner_image":{"width":350,"height":100,"mime-type":"image\/jpeg","url":"https:\/\/cultura.santjosep.org\/wp-content\/uploads\/2023\/01\/eventskate-350x100.jpeg"}}},"all_day":false,"start_date":"2023-01-21 12:00:00","start_date_details":{"year":"2023","month":"01","day":"21","hour":"12","minutes":"00","seconds":"00"},"end_date":"2023-01-21 12:00:00","end_date_details":{"year":"2023","month":"01","day":"21","hour":"12","minutes":"00","seconds":"00"},"utc_start_date":"2023-01-21 11:00:00","utc_start_date_details":{"year":"2023","month":"01","day":"21","hour":"11","minutes":"00","seconds":"00"},"utc_end_date":"2023-01-21 11:00:00","utc_end_date_details":{"year":"2023","month":"01","day":"21","hour":"11","minutes":"00","seconds":"00"},"timezone":"Europe\/Madrid","timezone_abbr":"CET","cost":"","cost_details":{"currency_symbol":"","currency_code":"","currency_position":"suffix","values":[]},"website":"","show_map":true,"show_map_link":true,"hide_from_listings":false,"sticky":false,"featured":false,"categories":[{"name":"Deportes","slug":"deportes","term_group":0,"term_taxonomy_id":67,"taxonomy":"tribe_events_cat","description":"","parent":0,"count":32,"filter":"raw","id":67,"urls":{"self":"https:\/\/cultura.santjosep.org\/es\/wp-json\/tribe\/events\/v1\/categories\/67","collection":"https:\/\/cultura.santjosep.org\/es\/wp-json\/tribe\/events\/v1\/categories"}}],"tags":[],"venue":{"id":4414,"author":"1","status":"publish","date":"2020-12-01 10:45:18","date_utc":"2020-12-01 09:45:18","modified":"2020-12-01 10:45:18","modified_utc":"2020-12-01 09:45:18","url":"https:\/\/cultura.santjosep.org\/local\/poliesportiu-de-can-guerxo\/","venue":"Poliesportiu de Can Guerxo","slug":"poliesportiu-de-can-guerxo","city":"Sant Jordi de Ses Salines","country":"Espa\u00f1a","json_ld":{"@type":"Place","name":"Poliesportiu de Can Guerxo","description":"","url":"https:\/\/cultura.santjosep.org\/local\/poliesportiu-de-can-guerxo\/","address":{"@type":"PostalAddress","addressLocality":"Sant Jordi de Ses Salines","addressCountry":"Espa\u00f1a"},"telephone":"","sameAs":""},"show_map":true,"show_map_link":true,"global_id":"cultura.santjosep.org\/es\/?id=4414","global_id_lineage":["cultura.santjosep.org\/es\/?id=4414"]},"organizer":[],"custom_fields":[],"json_ld":{"@context":"http:\/\/schema.org","@type":"Event","name":"Inauguraci\u00f3 mini rampa Sant Jordi","description":"&lt;p&gt;12:00 h | Inaguraci\u00f3 mini rampa Sant Jordi Exhibici\u00f3 de convidats de les 14:00 h a les 16:00 h: Valentina Planes (Coru\u00f1a) El Gran Toni (Mallorca) Gabriel Salazar (Madrid) Team &hellip; &lt;\/p&gt;\\n&lt;p class=&quot;link-more&quot;&gt;&lt;a href=&quot;https:\/\/cultura.santjosep.org\/es\/agenda\/inaguracio-mini-rampa-sant-jordi\/&quot; class=&quot;more-link&quot;&gt;Seguir leyendo&lt;span class=&quot;screen-reader-text&quot;&gt; \u00abInauguraci\u00f3 mini rampa Sant Jordi\u00bb&lt;\/span&gt;&lt;\/a&gt;&lt;\/p&gt;\\n","image":"https:\/\/cultura.santjosep.org\/wp-content\/uploads\/2023\/01\/eventskate.jpeg","url":"https:\/\/cultura.santjosep.org\/es\/agenda\/inaguracio-mini-rampa-sant-jordi\/","eventAttendanceMode":"https:\/\/schema.org\/OfflineEventAttendanceMode","eventStatus":"https:\/\/schema.org\/EventScheduled","startDate":"2023-01-21T12:00:00+01:00","endDate":"2023-01-21T12:00:00+01:00","location":{"@type":"Place","name":"Poliesportiu de Can Guerxo","description":"","url":"https:\/\/cultura.santjosep.org\/local\/poliesportiu-de-can-guerxo\/","address":{"@type":"PostalAddress","addressLocality":"Sant Jordi de Ses Salines","addressCountry":"Espa\u00f1a"},"telephone":"","sameAs":""},"performer":"Organization"},"is_virtual":false,"virtual_url":null,"virtual_video_source":""}