{"id":18635,"global_id":"cultura.santjosep.org\/es\/?id=18635","global_id_lineage":["cultura.santjosep.org\/es\/?id=18635"],"author":"1","status":"publish","date":"2023-05-30 14:17:28","date_utc":"2023-05-30 12:17:28","modified":"2023-06-01 13:35:17","modified_utc":"2023-06-01 11:35:17","url":"https:\/\/cultura.santjosep.org\/es\/agenda\/cine-africa-jua-kali-sous-les-figues\/","rest_url":"https:\/\/cultura.santjosep.org\/es\/wp-json\/tribe\/events\/v1\/events\/18635","title":"Cine Afric\u00e0 &#8211; \u2018Jua Kali\u2019 + \u2018Sous Les Figues\u2019","description":"<p><strong>IX Mostra de Cine Afric\u00e0 | 2 juny a les 20.30 h.<\/strong><\/p>\n<p><strong>\u00b7 Curtmetratge \u2018Jua Kali\u2019 | VO swahili i angl\u00e8s subt. espanyol | 2022<\/strong><\/p>\n<p><strong>Duraci\u00f3:<\/strong> 18min.<br \/>\n<strong>Pa\u00eds:<\/strong> Kenia<br \/>\n<strong>Direcci\u00f3:<\/strong> Joash Omondi<br \/>\n<strong>G\u00e8nere:<\/strong> Ficci\u00f3<br \/>\n<strong>Sinopsi:<\/strong> Diana i les seves companyes realitzen h\u00e0bilment les seves tasques de neteja, en el context de les lluites privades i les intrigues dels seus clients privilegiats. Per\u00f2 el treball t\u00e9 tamb\u00e9 repercussions en el cos de Diana.<\/p>\n<p><img loading=\"lazy\" decoding=\"async\" class=\"alignnone size-full wp-image-18625\" src=\"https:\/\/cultura.santjosep.org\/wp-content\/uploads\/2023\/05\/JUA-KALI.png\" alt=\"\" width=\"500\" height=\"250\" srcset=\"https:\/\/cultura.santjosep.org\/wp-content\/uploads\/2023\/05\/JUA-KALI.png 500w, https:\/\/cultura.santjosep.org\/wp-content\/uploads\/2023\/05\/JUA-KALI-300x150.png 300w\" sizes=\"auto, (max-width: 500px) 100vw, 500px\" \/><\/p>\n<p><strong>\u00b7 Pel\u00b7l\u00edcula \u2018Sous Les Figues\u2019 | VO \u00e0rab subt. espanyol | 2022<\/strong><\/p>\n<p><strong>Duraci\u00f3:<\/strong> 92min.<br \/>\n<strong>Pa\u00eds: <\/strong>Alemanya, Fran\u00e7a, Qatar, Su\u00efssa, Tun\u00edsia<br \/>\n<strong>Direcci\u00f3:<\/strong> Erige Sehiri<br \/>\n<strong>G\u00e8nere:<\/strong> Ficci\u00f3<br \/>\n<strong>Sinopsi:<\/strong> En el nord-oest de Tun\u00edsia, un grup de dones i d&#8217;homes joves treballen recol\u00b7lectant figues. Sota el testimoniatge dels arbres, desenvolupen nous sentiments, discuteixen, es troben i defugen, coquetegen i intenten entendre&#8217;s. Al llarg del dia, l&#8217;horta es converteix en un teatre d&#8217;emocions, on es representen els somnis i les esperances de cadascun d&#8217;ells.<\/p>\n<p><img loading=\"lazy\" decoding=\"async\" class=\"alignnone size-full wp-image-18628\" src=\"https:\/\/cultura.santjosep.org\/wp-content\/uploads\/2023\/05\/Erige-Sehiri-01.jpg\" alt=\"\" width=\"820\" height=\"312\" srcset=\"https:\/\/cultura.santjosep.org\/wp-content\/uploads\/2023\/05\/Erige-Sehiri-01.jpg 820w, https:\/\/cultura.santjosep.org\/wp-content\/uploads\/2023\/05\/Erige-Sehiri-01-300x114.jpg 300w, https:\/\/cultura.santjosep.org\/wp-content\/uploads\/2023\/05\/Erige-Sehiri-01-768x292.jpg 768w\" sizes=\"auto, (max-width: 820px) 100vw, 820px\" \/><\/p>\n<p><strong>Entrada gratu\u00efta fins a completar aforament<\/strong><\/p>\n<p>En col\u00b7laboraci\u00f3 amb el <a href=\"https:\/\/fcat.es\/\" target=\"_blank\" rel=\"noopener\">FCAT<\/a><\/p>","excerpt":"","slug":"cine-africa-jua-kali-sous-les-figues","image":{"url":"https:\/\/cultura.santjosep.org\/wp-content\/uploads\/2023\/05\/africacine.jpg","id":18631,"extension":"jpg","width":1920,"height":1080,"sizes":{"medium":{"width":300,"height":169,"mime-type":"image\/jpeg","url":"https:\/\/cultura.santjosep.org\/wp-content\/uploads\/2023\/05\/africacine-300x169.jpg"},"large":{"width":1024,"height":576,"mime-type":"image\/jpeg","url":"https:\/\/cultura.santjosep.org\/wp-content\/uploads\/2023\/05\/africacine-1024x576.jpg"},"thumbnail":{"width":150,"height":150,"mime-type":"image\/jpeg","url":"https:\/\/cultura.santjosep.org\/wp-content\/uploads\/2023\/05\/africacine-150x150.jpg"},"medium_large":{"width":768,"height":432,"mime-type":"image\/jpeg","url":"https:\/\/cultura.santjosep.org\/wp-content\/uploads\/2023\/05\/africacine-768x432.jpg"},"1536x1536":{"width":1536,"height":864,"mime-type":"image\/jpeg","url":"https:\/\/cultura.santjosep.org\/wp-content\/uploads\/2023\/05\/africacine-1536x864.jpg"},"post-thumbnail":{"width":1568,"height":882,"mime-type":"image\/jpeg","url":"https:\/\/cultura.santjosep.org\/wp-content\/uploads\/2023\/05\/africacine-1568x882.jpg"},"mailpoet_newsletter_max":{"width":1320,"height":743,"mime-type":"image\/jpeg","url":"https:\/\/cultura.santjosep.org\/wp-content\/uploads\/2023\/05\/africacine-1320x743.jpg"},"cmplz_banner_image":{"width":350,"height":100,"mime-type":"image\/jpeg","url":"https:\/\/cultura.santjosep.org\/wp-content\/uploads\/2023\/05\/africacine-350x100.jpg"}}},"all_day":false,"start_date":"2023-06-02 20:30:00","start_date_details":{"year":"2023","month":"06","day":"02","hour":"20","minutes":"30","seconds":"00"},"end_date":"2023-06-02 20:30:00","end_date_details":{"year":"2023","month":"06","day":"02","hour":"20","minutes":"30","seconds":"00"},"utc_start_date":"2023-06-02 18:30:00","utc_start_date_details":{"year":"2023","month":"06","day":"02","hour":"18","minutes":"30","seconds":"00"},"utc_end_date":"2023-06-02 18:30:00","utc_end_date_details":{"year":"2023","month":"06","day":"02","hour":"18","minutes":"30","seconds":"00"},"timezone":"Europe\/Madrid","timezone_abbr":"CEST","cost":"","cost_details":{"currency_symbol":"","currency_code":"","currency_position":"suffix","values":[]},"website":"","show_map":true,"show_map_link":true,"hide_from_listings":false,"sticky":false,"featured":false,"categories":[{"name":"Mostra de Cine Afric\u00e0","slug":"mostra-de-cine-africa-es","term_group":0,"term_taxonomy_id":129,"taxonomy":"tribe_events_cat","description":"","parent":30,"count":10,"filter":"raw","id":129,"urls":{"self":"https:\/\/cultura.santjosep.org\/es\/wp-json\/tribe\/events\/v1\/categories\/129","collection":"https:\/\/cultura.santjosep.org\/es\/wp-json\/tribe\/events\/v1\/categories","up":"https:\/\/cultura.santjosep.org\/es\/wp-json\/tribe\/events\/v1\/categories\/30"}}],"tags":[],"venue":{"id":284,"author":"1","status":"publish","date":"2020-10-05 12:35:53","date_utc":"2020-10-05 10:35:53","modified":"2020-10-06 18:35:05","modified_utc":"2020-10-06 16:35:05","url":"https:\/\/cultura.santjosep.org\/es\/local\/centro-de-cultura-can-jeroni\/","venue":"Centro de Cultura Can Jeroni","description":"<p><img loading=\"lazy\" decoding=\"async\" class=\"alignnone wp-image-60 size-large\" src=\"https:\/\/cultura.santjosep.org\/wp-content\/uploads\/2020\/10\/can-jeroni-fachada-trasera-1024x683.jpg\" alt=\"\" width=\"640\" height=\"427\" srcset=\"https:\/\/cultura.santjosep.org\/wp-content\/uploads\/2020\/10\/can-jeroni-fachada-trasera-1024x683.jpg 1024w, https:\/\/cultura.santjosep.org\/wp-content\/uploads\/2020\/10\/can-jeroni-fachada-trasera-300x200.jpg 300w, https:\/\/cultura.santjosep.org\/wp-content\/uploads\/2020\/10\/can-jeroni-fachada-trasera-768x512.jpg 768w, https:\/\/cultura.santjosep.org\/wp-content\/uploads\/2020\/10\/can-jeroni-fachada-trasera-1536x1024.jpg 1536w, https:\/\/cultura.santjosep.org\/wp-content\/uploads\/2020\/10\/can-jeroni-fachada-trasera-2048x1365.jpg 2048w, https:\/\/cultura.santjosep.org\/wp-content\/uploads\/2020\/10\/can-jeroni-fachada-trasera-1568x1045.jpg 1568w, https:\/\/cultura.santjosep.org\/wp-content\/uploads\/2020\/10\/can-jeroni-fachada-trasera-450x300.jpg 450w\" sizes=\"auto, (max-width: 640px) 100vw, 640px\" \/><\/p>","slug":"centro-de-cultura-can-jeroni","image":{"url":"https:\/\/cultura.santjosep.org\/wp-content\/uploads\/2020\/10\/logo_canjeroni.png","id":2671,"extension":"png","width":1107,"height":507,"sizes":{"medium":{"width":300,"height":137,"mime-type":"image\/png","url":"https:\/\/cultura.santjosep.org\/wp-content\/uploads\/2020\/10\/logo_canjeroni-300x137.png"},"large":{"width":1024,"height":469,"mime-type":"image\/png","url":"https:\/\/cultura.santjosep.org\/wp-content\/uploads\/2020\/10\/logo_canjeroni-1024x469.png"},"thumbnail":{"width":150,"height":150,"mime-type":"image\/png","url":"https:\/\/cultura.santjosep.org\/wp-content\/uploads\/2020\/10\/logo_canjeroni-150x150.png"},"medium_large":{"width":768,"height":352,"mime-type":"image\/png","url":"https:\/\/cultura.santjosep.org\/wp-content\/uploads\/2020\/10\/logo_canjeroni-768x352.png"},"woocommerce_thumbnail":{"width":300,"height":300,"mime-type":"image\/png","url":"https:\/\/cultura.santjosep.org\/wp-content\/uploads\/2020\/10\/logo_canjeroni-300x300.png"},"woocommerce_single":{"width":450,"height":206,"mime-type":"image\/png","url":"https:\/\/cultura.santjosep.org\/wp-content\/uploads\/2020\/10\/logo_canjeroni-450x206.png"},"woocommerce_gallery_thumbnail":{"width":100,"height":100,"mime-type":"image\/png","url":"https:\/\/cultura.santjosep.org\/wp-content\/uploads\/2020\/10\/logo_canjeroni-100x100.png"},"shop_catalog":{"width":300,"height":300,"mime-type":"image\/png","url":"https:\/\/cultura.santjosep.org\/wp-content\/uploads\/2020\/10\/logo_canjeroni-300x300.png"},"shop_single":{"width":450,"height":206,"mime-type":"image\/png","url":"https:\/\/cultura.santjosep.org\/wp-content\/uploads\/2020\/10\/logo_canjeroni-450x206.png"},"shop_thumbnail":{"width":100,"height":100,"mime-type":"image\/png","url":"https:\/\/cultura.santjosep.org\/wp-content\/uploads\/2020\/10\/logo_canjeroni-100x100.png"}}},"address":"Carrer sa Talaia, 16","city":"Sant Josep de sa Talaia","country":"Espa\u00f1a","province":"Illes Balears","zip":"07830","phone":"971 801 513","website":"https:\/\/www.facebook.com\/CanJeronicentredecultura\/","stateprovince":"Illes Balears","geo_lat":38.921593999999998914063326083123683929443359375,"geo_lng":1.2927750000000000074606987254810519516468048095703125,"json_ld":{"@type":"Place","name":"Centro de Cultura Can Jeroni","description":"","image":"https:\/\/cultura.santjosep.org\/wp-content\/uploads\/2020\/10\/logo_canjeroni.png","url":"https:\/\/cultura.santjosep.org\/es\/local\/centro-de-cultura-can-jeroni\/","address":{"@type":"PostalAddress","streetAddress":"Carrer sa Talaia, 16","addressLocality":"Sant Josep de sa Talaia","addressRegion":"Illes Balears","postalCode":"07830","addressCountry":"Espa\u00f1a"},"geo":{"@type":"GeoCoordinates","latitude":38.921593999999998914063326083123683929443359375,"longitude":1.2927750000000000074606987254810519516468048095703125},"telephone":"971 801 513","sameAs":"https:\/\/www.facebook.com\/CanJeronicentredecultura\/"},"show_map":true,"show_map_link":true,"global_id":"cultura.santjosep.org\/es\/?id=284","global_id_lineage":["cultura.santjosep.org\/es\/?id=284"]},"organizer":[],"custom_fields":[],"json_ld":{"@context":"http:\/\/schema.org","@type":"Event","name":"Cine Afric\u00e0 &#8211; \u2018Jua Kali\u2019 + \u2018Sous Les Figues\u2019","description":"&lt;p&gt;IX Mostra de Cine Afric\u00e0 | 2 juny a les 20.30 h. \u00b7 Curtmetratge \u2018Jua Kali\u2019 | VO swahili i angl\u00e8s subt. espanyol | 2022 Duraci\u00f3: 18min. Pa\u00eds: Kenia Direcci\u00f3: &hellip; &lt;\/p&gt;\\n&lt;p class=&quot;link-more&quot;&gt;&lt;a href=&quot;https:\/\/cultura.santjosep.org\/es\/agenda\/cine-africa-jua-kali-sous-les-figues\/&quot; class=&quot;more-link&quot;&gt;Seguir leyendo&lt;span class=&quot;screen-reader-text&quot;&gt; \u00abCine Afric\u00e0 &#8211; \u2018Jua Kali\u2019 + \u2018Sous Les Figues\u2019\u00bb&lt;\/span&gt;&lt;\/a&gt;&lt;\/p&gt;\\n","image":"https:\/\/cultura.santjosep.org\/wp-content\/uploads\/2023\/05\/africacine.jpg","url":"https:\/\/cultura.santjosep.org\/es\/agenda\/cine-africa-jua-kali-sous-les-figues\/","eventAttendanceMode":"https:\/\/schema.org\/OfflineEventAttendanceMode","eventStatus":"https:\/\/schema.org\/EventScheduled","startDate":"2023-06-02T20:30:00+02:00","endDate":"2023-06-02T20:30:00+02:00","location":{"@type":"Place","name":"Centro de Cultura Can Jeroni","description":"","image":"https:\/\/cultura.santjosep.org\/wp-content\/uploads\/2020\/10\/logo_canjeroni.png","url":"https:\/\/cultura.santjosep.org\/es\/local\/centro-de-cultura-can-jeroni\/","address":{"@type":"PostalAddress","streetAddress":"Carrer sa Talaia, 16","addressLocality":"Sant Josep de sa Talaia","addressRegion":"Illes Balears","postalCode":"07830","addressCountry":"Espa\u00f1a"},"geo":{"@type":"GeoCoordinates","latitude":38.921593999999998914063326083123683929443359375,"longitude":1.2927750000000000074606987254810519516468048095703125},"telephone":"971 801 513","sameAs":"https:\/\/www.facebook.com\/CanJeronicentredecultura\/"},"performer":"Organization"},"is_virtual":false,"virtual_url":null,"virtual_video_source":""}