{"id":18810,"global_id":"cultura.santjosep.org\/es\/?id=18810","global_id_lineage":["cultura.santjosep.org\/es\/?id=18810"],"author":"1","status":"publish","date":"2023-06-22 16:29:06","date_utc":"2023-06-22 14:29:06","modified":"2023-06-22 16:59:14","modified_utc":"2023-06-22 14:59:14","url":"https:\/\/cultura.santjosep.org\/es\/agenda\/festival-de-teatre-el-festin-5\/","rest_url":"https:\/\/cultura.santjosep.org\/es\/wp-json\/tribe\/events\/v1\/events\/18810","title":"Festival de teatre &#8216;El Fest\u00edn&#8217;","description":"<h2><strong>Festival de teatre &#8216;El Fest\u00edn&#8217;- 1 de juliol<\/strong><\/h2>\n<p><strong>\u00b7 18.00 h. Hab\u00eda otra vez un circo | OMEGA CIRC (Sant Josep\/Sant Antoni)<\/strong><br \/>\n<em>Circ &#8211; 60 min &#8211; per a tots els p\u00fablics<\/em><\/p>\n<p>Sinopsi: Els grups de circ d\u2019Eivissa Omega es reuneixen per fer una mostra de les diferents disciplines. Tant petits com les m\u00e9s experimentadess&#8217;ajunten per compartir un moment de gaudi per a totes les fam\u00edlies<\/p>\n<p><strong>\u00b7 19.30 h. Al\u00edcia al Pa\u00eds de les Meravelles |  COL\u00b7LEGI SANT BONAVENTURA (Art\u00e0)<\/strong><br \/>\n<em>Teatre &#8211; 60 min &#8211; per a tots els p\u00fablics<\/em><\/p>\n<p>Sinopsi: Al\u00edcia \u00e9s una nena que veu un conill ben vestit que consulta un rellotge de butxaca i fa cara d\u2019anar molt atrafegat. Intrigada, el segueix i cau dins un forat. La caiguda la dur\u00e0 a un m\u00f3n fant\u00e0stic i estrany, en el qual res no desentona: hi troba un gat que apareix i desapareix, bolets i begudes amb efectes curios\u00edssims, una reina absolutament cruel&#8230; tota una rastellera de personatges estrafolaris per omplir un pa\u00eds de meravelles<\/p>\n<p><strong>\u00b7 21.00 h. Turista | CIA. POT-AU-FEU TH\u00c9\u00c2TRE (B\u00e8lgica)<\/strong><br \/>\n<em>Clown &#8211; 60 min &#8211; per a tots els p\u00fablics<\/em><\/p>\n<p>Sinopsi: Davant nostre, aquest home intentar\u00e0 l\u2019impossible: viatjar sol! Sense assist\u00e8ncia, sense ag\u00e8ncia, sense asseguran\u00e7a&#8230;! Per\u00f2 amb la passi\u00f3 plena i la tenda penjada sobre l\u2019espatlla. \u201cSense dir una paraula, tot en la m\u00e0gia del teatre visual, Rudy Goddin mant\u00e9 el p\u00fablic en suspens, suggereix atmosferes, transmet sensacions a trav\u00e9s del fabul\u00f3s joc corporal i la manipulaci\u00f3 precisa dels objectes\u201d.<\/p>\n<p><strong>\u00b7 22.00 h. The Power of the 80\u2019s | CIA. EDDY EIGTHY (Val\u00e8ncia)<\/strong><br \/>\n<em>Fum, equilibris, malabars &#8211; 50 min &#8211; familiar<\/em><\/p>\n<p>Sinopsi: \u201cS\u00f3lo tenemos que volver atr\u00e1s y escuchar lo que nos dijeron los 80.\u201d De padre domador de focas y madre costurera, Eddy Eighty se cri\u00f3 viajando y desde jovencito siempre tuvo un sue\u00f1o: llevar la m\u00fasica de los 80 al mundo del circo. A lo largo de esta entra\u00f1able historia nuestro protagonista, con t\u00e9cnicas como los equilibrios, malabares, verticales, danza&#8230; sorprender\u00e1 al p\u00fablico creando un ambiente de humor, amor y participaci\u00f3n <\/p>\n<p><strong>ENTRADA GRATU\u00cfTA<\/strong><\/p>\n<p> <a href=\"https:\/\/cultura.santjosep.org\/wp-content\/uploads\/2023\/06\/PROGRAMA-EL-FESTIN-2023-ST-JOSEP-VS08-FINAL-final.pdf\"><span style=\"color: #b3291f;\"><strong> \u00b7 Descarrega el programa complet \u00b7<\/strong> <\/span><\/a><\/p>","excerpt":"","slug":"festival-de-teatre-el-festin-5","image":{"url":"https:\/\/cultura.santjosep.org\/wp-content\/uploads\/2023\/06\/img-gallery-org-22.jpg","id":18854,"extension":"jpg","width":800,"height":480,"sizes":{"medium":{"width":300,"height":180,"mime-type":"image\/jpeg","url":"https:\/\/cultura.santjosep.org\/wp-content\/uploads\/2023\/06\/img-gallery-org-22-300x180.jpg"},"thumbnail":{"width":150,"height":150,"mime-type":"image\/jpeg","url":"https:\/\/cultura.santjosep.org\/wp-content\/uploads\/2023\/06\/img-gallery-org-22-150x150.jpg"},"medium_large":{"width":768,"height":461,"mime-type":"image\/jpeg","url":"https:\/\/cultura.santjosep.org\/wp-content\/uploads\/2023\/06\/img-gallery-org-22-768x461.jpg"},"cmplz_banner_image":{"width":350,"height":100,"mime-type":"image\/jpeg","url":"https:\/\/cultura.santjosep.org\/wp-content\/uploads\/2023\/06\/img-gallery-org-22-350x100.jpg"}}},"all_day":true,"start_date":"2023-07-01 00:00:00","start_date_details":{"year":"2023","month":"07","day":"01","hour":"00","minutes":"00","seconds":"00"},"end_date":"2023-07-01 23:59:59","end_date_details":{"year":"2023","month":"07","day":"01","hour":"23","minutes":"59","seconds":"59"},"utc_start_date":"2023-06-30 22:00:00","utc_start_date_details":{"year":"2023","month":"06","day":"30","hour":"22","minutes":"00","seconds":"00"},"utc_end_date":"2023-07-01 21:59:59","utc_end_date_details":{"year":"2023","month":"07","day":"01","hour":"21","minutes":"59","seconds":"59"},"timezone":"Europe\/Madrid","timezone_abbr":"CEST","cost":"","cost_details":{"currency_symbol":"","currency_code":"","currency_position":"suffix","values":[]},"website":"","show_map":true,"show_map_link":true,"hide_from_listings":false,"sticky":false,"featured":false,"categories":[{"name":"El Fest\u00edn - Festival de Teatro Infantil","slug":"el-festin-festival-de-teatro-infantil","term_group":0,"term_taxonomy_id":131,"taxonomy":"tribe_events_cat","description":"","parent":0,"count":28,"filter":"raw","id":131,"urls":{"self":"https:\/\/cultura.santjosep.org\/es\/wp-json\/tribe\/events\/v1\/categories\/131","collection":"https:\/\/cultura.santjosep.org\/es\/wp-json\/tribe\/events\/v1\/categories"}}],"tags":[],"venue":{"id":4362,"author":"1","status":"publish","date":"2020-12-01 10:22:18","date_utc":"2020-12-01 09:22:18","modified":"2022-11-02 11:12:47","modified_utc":"2022-11-02 10:12:47","url":"https:\/\/cultura.santjosep.org\/local\/ceip-sant-jordi\/","venue":"CEIP Sant Jordi","slug":"ceip-sant-jordi","city":"Sant Jordi de Ses Salines","country":"Espa\u00f1a","json_ld":{"@type":"Place","name":"CEIP Sant Jordi","description":"","url":"https:\/\/cultura.santjosep.org\/local\/ceip-sant-jordi\/","address":{"@type":"PostalAddress","addressLocality":"Sant Jordi de Ses Salines","addressCountry":"Espa\u00f1a"},"telephone":"","sameAs":""},"show_map":true,"show_map_link":true,"global_id":"cultura.santjosep.org\/es\/?id=4362","global_id_lineage":["cultura.santjosep.org\/es\/?id=4362"]},"organizer":[],"custom_fields":[],"json_ld":{"@context":"http:\/\/schema.org","@type":"Event","name":"Festival de teatre &#8216;El Fest\u00edn&#8217;","description":"&lt;p&gt;Festival de teatre \\'El Fest\u00edn\\'- 1 de juliol \u00b7 18.00 h. Hab\u00eda otra vez un circo | OMEGA CIRC (Sant Josep\/Sant Antoni) Circ - 60 min - per a tots &hellip; &lt;\/p&gt;\\n&lt;p class=&quot;link-more&quot;&gt;&lt;a href=&quot;https:\/\/cultura.santjosep.org\/es\/agenda\/festival-de-teatre-el-festin-5\/&quot; class=&quot;more-link&quot;&gt;Seguir leyendo&lt;span class=&quot;screen-reader-text&quot;&gt; \u00abFestival de teatre &#8216;El Fest\u00edn&#8217;\u00bb&lt;\/span&gt;&lt;\/a&gt;&lt;\/p&gt;\\n","image":"https:\/\/cultura.santjosep.org\/wp-content\/uploads\/2023\/06\/img-gallery-org-22.jpg","url":"https:\/\/cultura.santjosep.org\/es\/agenda\/festival-de-teatre-el-festin-5\/","eventAttendanceMode":"https:\/\/schema.org\/OfflineEventAttendanceMode","eventStatus":"https:\/\/schema.org\/EventScheduled","startDate":"2023-07-01T00:00:00+02:00","endDate":"2023-07-01T23:59:59+02:00","location":{"@type":"Place","name":"CEIP Sant Jordi","description":"","url":"https:\/\/cultura.santjosep.org\/local\/ceip-sant-jordi\/","address":{"@type":"PostalAddress","addressLocality":"Sant Jordi de Ses Salines","addressCountry":"Espa\u00f1a"},"telephone":"","sameAs":""},"performer":"Organization"},"is_virtual":false,"virtual_url":null,"virtual_video_source":""}