{"id":19073,"global_id":"cultura.santjosep.org\/es\/?id=19073","global_id_lineage":["cultura.santjosep.org\/es\/?id=19073"],"author":"1","status":"publish","date":"2023-07-11 10:17:42","date_utc":"2023-07-11 08:17:42","modified":"2023-08-29 10:27:32","modified_utc":"2023-08-29 08:27:32","url":"https:\/\/cultura.santjosep.org\/es\/agenda\/cine-a-la-fresca-a-sant-josep-lenvol\/","rest_url":"https:\/\/cultura.santjosep.org\/es\/wp-json\/tribe\/events\/v1\/events\/19073","title":"Cine a la fresca a Sant Josep &#8211; &#8216;L&#8217;Envol&#8217;","description":"<p><strong>Cine a la fresca a Sant Josep &#8211; &#8216;L&#8217;Envol&#8217; | VOSE | 2022 |<\/strong><br \/>\n<strong>Fecha:<\/strong> Viernes 1 de septiembre 2023 a las 21:30 h.<br \/>\n<strong>Lugar:<\/strong> Escoles Velles<\/p>\n<p><strong>Duraci\u00f3n:<\/strong> 100 min. Fran\u00e7a<br \/>\n<strong>Direcci\u00f3n:<\/strong> Pietro Marcello<br \/>\n<strong>Sinopsis:<\/strong> Juliette creci\u00f3 sola con su padre Rapha\u00ebl en el norte de Francia. \u00c9l un veterano de la Primera Guerra Mundial. La ni\u00f1a, apasionada por el canto y la m\u00fasica, conoce un verano a un mago que le promete que unas velas escarlatas alg\u00fan d\u00eda la sacar\u00e1n de su pueblo. Juliette nunca dej\u00f3 de creer en esta profec\u00eda.<\/p>\n<p><strong>Entrada libre hasta completar aforo.<\/strong><\/p>\n<p><img loading=\"lazy\" decoding=\"async\" class=\"alignnone size-full wp-image-19068\" src=\"https:\/\/cultura.santjosep.org\/wp-content\/uploads\/2023\/07\/l_envol-891677269-large.jpg\" alt=\"\" width=\"751\" height=\"1023\" srcset=\"https:\/\/cultura.santjosep.org\/wp-content\/uploads\/2023\/07\/l_envol-891677269-large.jpg 751w, https:\/\/cultura.santjosep.org\/wp-content\/uploads\/2023\/07\/l_envol-891677269-large-220x300.jpg 220w\" sizes=\"auto, (max-width: 751px) 100vw, 751px\" \/><\/p>","excerpt":"","slug":"cine-a-la-fresca-a-sant-josep-lenvol","image":{"url":"https:\/\/cultura.santjosep.org\/wp-content\/uploads\/2023\/07\/scarlet-zumzeig-4.jpg","id":19071,"extension":"jpg","width":1200,"height":700,"sizes":{"medium":{"width":300,"height":175,"mime-type":"image\/jpeg","url":"https:\/\/cultura.santjosep.org\/wp-content\/uploads\/2023\/07\/scarlet-zumzeig-4-300x175.jpg"},"large":{"width":1024,"height":597,"mime-type":"image\/jpeg","url":"https:\/\/cultura.santjosep.org\/wp-content\/uploads\/2023\/07\/scarlet-zumzeig-4-1024x597.jpg"},"thumbnail":{"width":150,"height":150,"mime-type":"image\/jpeg","url":"https:\/\/cultura.santjosep.org\/wp-content\/uploads\/2023\/07\/scarlet-zumzeig-4-150x150.jpg"},"medium_large":{"width":768,"height":448,"mime-type":"image\/jpeg","url":"https:\/\/cultura.santjosep.org\/wp-content\/uploads\/2023\/07\/scarlet-zumzeig-4-768x448.jpg"},"cmplz_banner_image":{"width":350,"height":100,"mime-type":"image\/jpeg","url":"https:\/\/cultura.santjosep.org\/wp-content\/uploads\/2023\/07\/scarlet-zumzeig-4-350x100.jpg"}}},"all_day":false,"start_date":"2023-09-01 21:30:00","start_date_details":{"year":"2023","month":"09","day":"01","hour":"21","minutes":"30","seconds":"00"},"end_date":"2023-09-01 21:30:00","end_date_details":{"year":"2023","month":"09","day":"01","hour":"21","minutes":"30","seconds":"00"},"utc_start_date":"2023-09-01 19:30:00","utc_start_date_details":{"year":"2023","month":"09","day":"01","hour":"19","minutes":"30","seconds":"00"},"utc_end_date":"2023-09-01 19:30:00","utc_end_date_details":{"year":"2023","month":"09","day":"01","hour":"19","minutes":"30","seconds":"00"},"timezone":"Europe\/Madrid","timezone_abbr":"CEST","cost":"","cost_details":{"currency_symbol":"","currency_code":"","currency_position":"suffix","values":[]},"website":"","show_map":true,"show_map_link":true,"hide_from_listings":false,"sticky":false,"featured":false,"categories":[{"name":"Cine a la fresca","slug":"cine-a-la-fresca-es","term_group":0,"term_taxonomy_id":88,"taxonomy":"tribe_events_cat","description":"","parent":30,"count":74,"filter":"raw","id":88,"urls":{"self":"https:\/\/cultura.santjosep.org\/es\/wp-json\/tribe\/events\/v1\/categories\/88","collection":"https:\/\/cultura.santjosep.org\/es\/wp-json\/tribe\/events\/v1\/categories","up":"https:\/\/cultura.santjosep.org\/es\/wp-json\/tribe\/events\/v1\/categories\/30"}}],"tags":[],"venue":{"id":7147,"author":"1","status":"publish","date":"2021-07-01 13:49:31","date_utc":"2021-07-01 11:49:31","modified":"2021-07-01 13:56:32","modified_utc":"2021-07-01 11:56:32","url":"https:\/\/cultura.santjosep.org\/es\/local\/escoles-velles\/","venue":"Escoles Velles","description":"<p><img loading=\"lazy\" decoding=\"async\"  src=\"https:\/\/www.santjosep.org\/wp-content\/uploads\/2018\/09\/Escoles-Velles-Sant-Josep-624x436.jpg\" alt=\"\" width=\"624\" height=\"416\" \/><\/p>","slug":"escoles-velles","city":"Sant Josep de Sa Talaia","country":"Espa\u00f1a","province":"Illes Balears","zip":"07817","stateprovince":"Illes Balears","json_ld":{"@type":"Place","name":"Escoles Velles","description":"","url":"https:\/\/cultura.santjosep.org\/es\/local\/escoles-velles\/","address":{"@type":"PostalAddress","addressLocality":"Sant Josep de Sa Talaia","addressRegion":"Illes Balears","postalCode":"07817","addressCountry":"Espa\u00f1a"},"telephone":"","sameAs":""},"show_map":true,"show_map_link":true,"global_id":"cultura.santjosep.org\/es\/?id=7147","global_id_lineage":["cultura.santjosep.org\/es\/?id=7147"]},"organizer":[],"custom_fields":[],"json_ld":{"@context":"http:\/\/schema.org","@type":"Event","name":"Cine a la fresca a Sant Josep &#8211; &#8216;L&#8217;Envol&#8217;","description":"&lt;p&gt;Cine a la fresca a Sant Josep - \\'L\\'Envol\\' | VOSE | 2022 | Fecha: Viernes 1 de septiembre 2023 a las 21:30 h. Lugar: Escoles Velles Duraci\u00f3n: 100 min. &hellip; &lt;\/p&gt;\\n&lt;p class=&quot;link-more&quot;&gt;&lt;a href=&quot;https:\/\/cultura.santjosep.org\/es\/agenda\/cine-a-la-fresca-a-sant-josep-lenvol\/&quot; class=&quot;more-link&quot;&gt;Seguir leyendo&lt;span class=&quot;screen-reader-text&quot;&gt; \u00abCine a la fresca a Sant Josep &#8211; &#8216;L&#8217;Envol&#8217;\u00bb&lt;\/span&gt;&lt;\/a&gt;&lt;\/p&gt;\\n","image":"https:\/\/cultura.santjosep.org\/wp-content\/uploads\/2023\/07\/scarlet-zumzeig-4.jpg","url":"https:\/\/cultura.santjosep.org\/es\/agenda\/cine-a-la-fresca-a-sant-josep-lenvol\/","eventAttendanceMode":"https:\/\/schema.org\/OfflineEventAttendanceMode","eventStatus":"https:\/\/schema.org\/EventScheduled","startDate":"2023-09-01T21:30:00+02:00","endDate":"2023-09-01T21:30:00+02:00","location":{"@type":"Place","name":"Escoles Velles","description":"","url":"https:\/\/cultura.santjosep.org\/es\/local\/escoles-velles\/","address":{"@type":"PostalAddress","addressLocality":"Sant Josep de Sa Talaia","addressRegion":"Illes Balears","postalCode":"07817","addressCountry":"Espa\u00f1a"},"telephone":"","sameAs":""},"performer":"Organization"},"is_virtual":false,"virtual_url":null,"virtual_video_source":""}