{"id":19168,"global_id":"cultura.santjosep.org\/es\/?id=19168","global_id_lineage":["cultura.santjosep.org\/es\/?id=19168"],"author":"1","status":"publish","date":"2023-07-12 16:17:45","date_utc":"2023-07-12 14:17:45","modified":"2023-07-13 09:39:49","modified_utc":"2023-07-13 07:39:49","url":"https:\/\/cultura.santjosep.org\/es\/agenda\/sol-post-a-soli-fest-joachim-kuhn-trio-andres-coll\/","rest_url":"https:\/\/cultura.santjosep.org\/es\/wp-json\/tribe\/events\/v1\/events\/19168","title":"Sol Post a s\u2019Oli Fest &#8211; Joachim K\u00fchn Tr\u00edo &#038; Andr\u00e9s Coll","description":"<p><strong>Sol Post a s\u2019Oli Fest &#8211; Joachim K\u00fchn Tr\u00edo &amp; Andr\u00e9s Coll<\/strong><br \/>\n<strong>Fecha:<\/strong> 22 julio a las 20:00 h<br \/>\n<strong>Lugar<\/strong> Auditori Cal\u00f3 de s&#8217;Oli<\/p>\n<p>El p\u00fablico asistente disfrutar\u00e1 en este segundo concierto de uno de los platos fuertes del programa, con la actuaci\u00f3n de uno de los m\u00fasicos de jazz m\u00e1s reputados del mundo:  el gran pianista i compositor alem\u00e1n Joachim K\u00fchn, al que acompa\u00f1ar\u00e1n el multiinstrumentista marroqu\u00ed Majid Bekkas y el bater\u00eda franc\u00e9s Ram\u00f3n L\u00f3pez. Se les sumar\u00e1 el joven vibracionista ibicenco Andr\u00e9s Coll, una aut\u00e9ntica promesa con la que K\u00fchn ya ha grabado algunos temas. Verlos ahora juntos, sobre el escenario, constituye un aut\u00e9ntico acontecimiento. Ofrecer\u00e1n un repertorio con composiciones del propio K\u00fchn, algunas de ellas creadas en Ibiza, junto a distintas adaptaciones del folklore tradicional de Marruecos.<\/p>\n<p>&nbsp;<\/p>\n<p><img loading=\"lazy\" decoding=\"async\" class=\"alignnone size-full wp-image-19165\" src=\"https:\/\/cultura.santjosep.org\/wp-content\/uploads\/2023\/07\/SOli-Fest_22.07-scaled.jpg\" alt=\"\" width=\"2048\" height=\"2560\" srcset=\"https:\/\/cultura.santjosep.org\/wp-content\/uploads\/2023\/07\/SOli-Fest_22.07-scaled.jpg 2048w, https:\/\/cultura.santjosep.org\/wp-content\/uploads\/2023\/07\/SOli-Fest_22.07-240x300.jpg 240w, https:\/\/cultura.santjosep.org\/wp-content\/uploads\/2023\/07\/SOli-Fest_22.07-819x1024.jpg 819w, https:\/\/cultura.santjosep.org\/wp-content\/uploads\/2023\/07\/SOli-Fest_22.07-768x960.jpg 768w, https:\/\/cultura.santjosep.org\/wp-content\/uploads\/2023\/07\/SOli-Fest_22.07-1229x1536.jpg 1229w, https:\/\/cultura.santjosep.org\/wp-content\/uploads\/2023\/07\/SOli-Fest_22.07-1638x2048.jpg 1638w, https:\/\/cultura.santjosep.org\/wp-content\/uploads\/2023\/07\/SOli-Fest_22.07-1568x1960.jpg 1568w, https:\/\/cultura.santjosep.org\/wp-content\/uploads\/2023\/07\/SOli-Fest_22.07-1320x1650.jpg 1320w\" sizes=\"auto, (max-width: 2048px) 100vw, 2048px\" \/><\/p>","excerpt":"","slug":"sol-post-a-soli-fest-joachim-kuhn-trio-andres-coll","image":{"url":"https:\/\/cultura.santjosep.org\/wp-content\/uploads\/2023\/07\/IMG-0343rec.jpg","id":19164,"extension":"jpg","width":1400,"height":933,"sizes":{"medium":{"width":300,"height":200,"mime-type":"image\/jpeg","url":"https:\/\/cultura.santjosep.org\/wp-content\/uploads\/2023\/07\/IMG-0343rec-300x200.jpg"},"large":{"width":1024,"height":682,"mime-type":"image\/jpeg","url":"https:\/\/cultura.santjosep.org\/wp-content\/uploads\/2023\/07\/IMG-0343rec-1024x682.jpg"},"thumbnail":{"width":150,"height":150,"mime-type":"image\/jpeg","url":"https:\/\/cultura.santjosep.org\/wp-content\/uploads\/2023\/07\/IMG-0343rec-150x150.jpg"},"medium_large":{"width":768,"height":512,"mime-type":"image\/jpeg","url":"https:\/\/cultura.santjosep.org\/wp-content\/uploads\/2023\/07\/IMG-0343rec-768x512.jpg"},"mailpoet_newsletter_max":{"width":1320,"height":880,"mime-type":"image\/jpeg","url":"https:\/\/cultura.santjosep.org\/wp-content\/uploads\/2023\/07\/IMG-0343rec-1320x880.jpg"},"cmplz_banner_image":{"width":350,"height":100,"mime-type":"image\/jpeg","url":"https:\/\/cultura.santjosep.org\/wp-content\/uploads\/2023\/07\/IMG-0343rec-350x100.jpg"}}},"all_day":false,"start_date":"2023-07-22 20:00:00","start_date_details":{"year":"2023","month":"07","day":"22","hour":"20","minutes":"00","seconds":"00"},"end_date":"2023-07-22 20:00:00","end_date_details":{"year":"2023","month":"07","day":"22","hour":"20","minutes":"00","seconds":"00"},"utc_start_date":"2023-07-22 18:00:00","utc_start_date_details":{"year":"2023","month":"07","day":"22","hour":"18","minutes":"00","seconds":"00"},"utc_end_date":"2023-07-22 18:00:00","utc_end_date_details":{"year":"2023","month":"07","day":"22","hour":"18","minutes":"00","seconds":"00"},"timezone":"Europe\/Madrid","timezone_abbr":"CEST","cost":"","cost_details":{"currency_symbol":"","currency_code":"","currency_position":"suffix","values":[]},"website":"","show_map":true,"show_map_link":true,"hide_from_listings":false,"sticky":false,"featured":false,"categories":[{"name":"Conciertos","slug":"conciertos","term_group":0,"term_taxonomy_id":31,"taxonomy":"tribe_events_cat","description":"","parent":0,"count":222,"filter":"raw","id":31,"urls":{"self":"https:\/\/cultura.santjosep.org\/es\/wp-json\/tribe\/events\/v1\/categories\/31","collection":"https:\/\/cultura.santjosep.org\/es\/wp-json\/tribe\/events\/v1\/categories"}},{"name":"Sol Post a s\u2019Oli Fest","slug":"sol-post-a-soli-fest-es","term_group":0,"term_taxonomy_id":165,"taxonomy":"tribe_events_cat","description":"","parent":0,"count":21,"filter":"raw","id":165,"urls":{"self":"https:\/\/cultura.santjosep.org\/es\/wp-json\/tribe\/events\/v1\/categories\/165","collection":"https:\/\/cultura.santjosep.org\/es\/wp-json\/tribe\/events\/v1\/categories"}}],"tags":[],"venue":{"id":10295,"author":"1","status":"publish","date":"2021-07-23 10:08:53","date_utc":"2021-07-23 08:08:53","modified":"2022-01-03 10:09:49","modified_utc":"2022-01-03 09:09:49","url":"https:\/\/cultura.santjosep.org\/es\/local\/auditorio-calo-de-soli\/","venue":"Auditorio Cal\u00f3 de s&#8217;Oli","description":"<p><img loading=\"lazy\" decoding=\"async\" class=\"alignnone wp-image-8292 size-large\" src=\"https:\/\/cultura.santjosep.org\/wp-content\/uploads\/2021\/07\/RR_05447-1024x683.jpg\" alt=\"\" width=\"640\" height=\"427\" srcset=\"https:\/\/cultura.santjosep.org\/wp-content\/uploads\/2021\/07\/RR_05447-1024x683.jpg 1024w, https:\/\/cultura.santjosep.org\/wp-content\/uploads\/2021\/07\/RR_05447-300x200.jpg 300w, https:\/\/cultura.santjosep.org\/wp-content\/uploads\/2021\/07\/RR_05447-768x512.jpg 768w, https:\/\/cultura.santjosep.org\/wp-content\/uploads\/2021\/07\/RR_05447.jpg 1200w\" sizes=\"auto, (max-width: 640px) 100vw, 640px\" \/><\/p>","slug":"auditorio-calo-de-soli","address":"Carrer de M\u00e0laga, 07829, Illes Balears","city":"Sant Josep de Sa Talaia","country":"Espa\u00f1a","zip":"07829","geo_lat":38.9693998999999990928699844516813755035400390625,"geo_lng":1.2806840999999999919367610345943830907344818115234375,"json_ld":{"@type":"Place","name":"Auditorio Cal\u00f3 de s&#8217;Oli","description":"","url":"https:\/\/cultura.santjosep.org\/es\/local\/auditorio-calo-de-soli\/","address":{"@type":"PostalAddress","streetAddress":"Carrer de M\u00e0laga, 07829, Illes Balears","addressLocality":"Sant Josep de Sa Talaia","postalCode":"07829","addressCountry":"Espa\u00f1a"},"geo":{"@type":"GeoCoordinates","latitude":38.9693998999999990928699844516813755035400390625,"longitude":1.2806840999999999919367610345943830907344818115234375},"telephone":"","sameAs":""},"show_map":true,"show_map_link":true,"global_id":"cultura.santjosep.org\/es\/?id=10295","global_id_lineage":["cultura.santjosep.org\/es\/?id=10295"]},"organizer":[],"custom_fields":[],"json_ld":{"@context":"http:\/\/schema.org","@type":"Event","name":"Sol Post a s\u2019Oli Fest &#8211; Joachim K\u00fchn Tr\u00edo &#038; Andr\u00e9s Coll","description":"&lt;p&gt;Sol Post a s\u2019Oli Fest - Joachim K\u00fchn Tr\u00edo &amp; Andr\u00e9s Coll Fecha: 22 julio a las 20:00 h Lugar Auditori Cal\u00f3 de s\\'Oli El p\u00fablico asistente disfrutar\u00e1 en este &hellip; &lt;\/p&gt;\\n&lt;p class=&quot;link-more&quot;&gt;&lt;a href=&quot;https:\/\/cultura.santjosep.org\/es\/agenda\/sol-post-a-soli-fest-joachim-kuhn-trio-andres-coll\/&quot; class=&quot;more-link&quot;&gt;Seguir leyendo&lt;span class=&quot;screen-reader-text&quot;&gt; \u00abSol Post a s\u2019Oli Fest &#8211; Joachim K\u00fchn Tr\u00edo &#038; Andr\u00e9s Coll\u00bb&lt;\/span&gt;&lt;\/a&gt;&lt;\/p&gt;\\n","image":"https:\/\/cultura.santjosep.org\/wp-content\/uploads\/2023\/07\/IMG-0343rec.jpg","url":"https:\/\/cultura.santjosep.org\/es\/agenda\/sol-post-a-soli-fest-joachim-kuhn-trio-andres-coll\/","eventAttendanceMode":"https:\/\/schema.org\/OfflineEventAttendanceMode","eventStatus":"https:\/\/schema.org\/EventScheduled","startDate":"2023-07-22T20:00:00+02:00","endDate":"2023-07-22T20:00:00+02:00","location":{"@type":"Place","name":"Auditorio Cal\u00f3 de s&#8217;Oli","description":"","url":"https:\/\/cultura.santjosep.org\/es\/local\/auditorio-calo-de-soli\/","address":{"@type":"PostalAddress","streetAddress":"Carrer de M\u00e0laga, 07829, Illes Balears","addressLocality":"Sant Josep de Sa Talaia","postalCode":"07829","addressCountry":"Espa\u00f1a"},"geo":{"@type":"GeoCoordinates","latitude":38.9693998999999990928699844516813755035400390625,"longitude":1.2806840999999999919367610345943830907344818115234375},"telephone":"","sameAs":""},"performer":"Organization"},"is_virtual":false,"virtual_url":null,"virtual_video_source":""}