{"id":19303,"global_id":"cultura.santjosep.org\/es\/?id=19303","global_id_lineage":["cultura.santjosep.org\/es\/?id=19303"],"author":"1","status":"publish","date":"2023-08-22 12:59:46","date_utc":"2023-08-22 10:59:46","modified":"2023-08-22 14:29:32","modified_utc":"2023-08-22 12:29:32","url":"https:\/\/cultura.santjosep.org\/es\/agenda\/inauguracio-de-lexposicio-dartistes-de-sant-agusti\/","rest_url":"https:\/\/cultura.santjosep.org\/es\/wp-json\/tribe\/events\/v1\/events\/19303","title":"Inauguraci\u00f3 de l&#8217;exposici\u00f3 d&#8217;artistes de Sant Agust\u00ed","description":"<p>19:00 h <strong>Inauguraci\u00f3 de l&#8217;exposici\u00f3 d&#8217;artistes de Sant Agust\u00ed<\/strong><\/p>\n<p>Mostra de treballs d&#8217;artistes amateurs del poble.<br \/>\nA la Sala d&#8217;Exposicions de Can Curt. Fins al dia 3 de setembre.<br \/>\nHorari: de dijous a diumenge, de 19:00 a 22:00 h<br \/>\nHo organitza l&#8217;Av. de Sant Agust\u00ed i el Cor de Sant Agust\u00ed<\/p>","excerpt":"","slug":"inauguracio-de-lexposicio-dartistes-de-sant-agusti","image":{"url":"https:\/\/cultura.santjosep.org\/wp-content\/uploads\/2023\/08\/cancurt.jpg","id":19378,"extension":"jpg","width":800,"height":533,"sizes":{"medium":{"width":300,"height":200,"mime-type":"image\/jpeg","url":"https:\/\/cultura.santjosep.org\/wp-content\/uploads\/2023\/08\/cancurt-300x200.jpg"},"thumbnail":{"width":150,"height":150,"mime-type":"image\/jpeg","url":"https:\/\/cultura.santjosep.org\/wp-content\/uploads\/2023\/08\/cancurt-150x150.jpg"},"medium_large":{"width":768,"height":512,"mime-type":"image\/jpeg","url":"https:\/\/cultura.santjosep.org\/wp-content\/uploads\/2023\/08\/cancurt-768x512.jpg"},"cmplz_banner_image":{"width":350,"height":100,"mime-type":"image\/jpeg","url":"https:\/\/cultura.santjosep.org\/wp-content\/uploads\/2023\/08\/cancurt-350x100.jpg"}}},"all_day":false,"start_date":"2023-08-24 19:00:00","start_date_details":{"year":"2023","month":"08","day":"24","hour":"19","minutes":"00","seconds":"00"},"end_date":"2023-08-24 19:00:00","end_date_details":{"year":"2023","month":"08","day":"24","hour":"19","minutes":"00","seconds":"00"},"utc_start_date":"2023-08-24 17:00:00","utc_start_date_details":{"year":"2023","month":"08","day":"24","hour":"17","minutes":"00","seconds":"00"},"utc_end_date":"2023-08-24 17:00:00","utc_end_date_details":{"year":"2023","month":"08","day":"24","hour":"17","minutes":"00","seconds":"00"},"timezone":"Europe\/Madrid","timezone_abbr":"CEST","cost":"","cost_details":{"currency_symbol":"","currency_code":"","currency_position":"suffix","values":[]},"website":"","show_map":true,"show_map_link":true,"hide_from_listings":false,"sticky":false,"featured":false,"categories":[{"name":"Festes de Sant Agust\u00ed","slug":"festes-de-sant-agusti-es","term_group":0,"term_taxonomy_id":167,"taxonomy":"tribe_events_cat","description":"","parent":0,"count":33,"filter":"raw","id":167,"urls":{"self":"https:\/\/cultura.santjosep.org\/es\/wp-json\/tribe\/events\/v1\/categories\/167","collection":"https:\/\/cultura.santjosep.org\/es\/wp-json\/tribe\/events\/v1\/categories"}}],"tags":[],"venue":{"id":2654,"author":"1","status":"publish","date":"2020-10-28 08:32:44","date_utc":"2020-10-28 07:32:44","modified":"2020-10-28 08:49:00","modified_utc":"2020-10-28 07:49:00","url":"https:\/\/cultura.santjosep.org\/es\/local\/sala-de-exposiciones-de-can-curt\/","venue":"Sala de exposiciones de Can Curt","description":"<p><img loading=\"lazy\" decoding=\"async\" class=\"alignnone wp-image-2655 size-full\" src=\"https:\/\/cultura.santjosep.org\/wp-content\/uploads\/2020\/10\/cancurt_IMG_2597.jpg\" alt=\"\" width=\"800\" height=\"533\" srcset=\"https:\/\/cultura.santjosep.org\/wp-content\/uploads\/2020\/10\/cancurt_IMG_2597.jpg 800w, https:\/\/cultura.santjosep.org\/wp-content\/uploads\/2020\/10\/cancurt_IMG_2597-300x200.jpg 300w, https:\/\/cultura.santjosep.org\/wp-content\/uploads\/2020\/10\/cancurt_IMG_2597-768x512.jpg 768w, https:\/\/cultura.santjosep.org\/wp-content\/uploads\/2020\/10\/cancurt_IMG_2597-450x300.jpg 450w\" sizes=\"auto, (max-width: 800px) 100vw, 800px\" \/><\/p>","slug":"sala-de-exposiciones-de-can-curt","image":{"url":"https:\/\/cultura.santjosep.org\/wp-content\/uploads\/2020\/10\/logocancurt.png","id":2669,"extension":"png","width":1180,"height":411,"sizes":{"medium":{"width":300,"height":104,"mime-type":"image\/png","url":"https:\/\/cultura.santjosep.org\/wp-content\/uploads\/2020\/10\/logocancurt-300x104.png"},"large":{"width":1024,"height":357,"mime-type":"image\/png","url":"https:\/\/cultura.santjosep.org\/wp-content\/uploads\/2020\/10\/logocancurt-1024x357.png"},"thumbnail":{"width":150,"height":150,"mime-type":"image\/png","url":"https:\/\/cultura.santjosep.org\/wp-content\/uploads\/2020\/10\/logocancurt-150x150.png"},"medium_large":{"width":768,"height":267,"mime-type":"image\/png","url":"https:\/\/cultura.santjosep.org\/wp-content\/uploads\/2020\/10\/logocancurt-768x267.png"},"woocommerce_thumbnail":{"width":300,"height":300,"mime-type":"image\/png","url":"https:\/\/cultura.santjosep.org\/wp-content\/uploads\/2020\/10\/logocancurt-300x300.png"},"woocommerce_single":{"width":450,"height":157,"mime-type":"image\/png","url":"https:\/\/cultura.santjosep.org\/wp-content\/uploads\/2020\/10\/logocancurt-450x157.png"},"woocommerce_gallery_thumbnail":{"width":100,"height":100,"mime-type":"image\/png","url":"https:\/\/cultura.santjosep.org\/wp-content\/uploads\/2020\/10\/logocancurt-100x100.png"},"shop_catalog":{"width":300,"height":300,"mime-type":"image\/png","url":"https:\/\/cultura.santjosep.org\/wp-content\/uploads\/2020\/10\/logocancurt-300x300.png"},"shop_single":{"width":450,"height":157,"mime-type":"image\/png","url":"https:\/\/cultura.santjosep.org\/wp-content\/uploads\/2020\/10\/logocancurt-450x157.png"},"shop_thumbnail":{"width":100,"height":100,"mime-type":"image\/png","url":"https:\/\/cultura.santjosep.org\/wp-content\/uploads\/2020\/10\/logocancurt-100x100.png"}}},"address":"Pla\u00e7a de la esgl\u00e9sia","city":"Sant Agust\u00ed des Vedr\u00e0","province":"Illes Balears","zip":"07829","stateprovince":"Illes Balears","geo_lat":38.94128599999999806868800078518688678741455078125,"geo_lng":1.2937665000000000414814849136746488511562347412109375,"json_ld":{"@type":"Place","name":"Sala de exposiciones de Can Curt","description":"","image":"https:\/\/cultura.santjosep.org\/wp-content\/uploads\/2020\/10\/logocancurt.png","url":"https:\/\/cultura.santjosep.org\/es\/local\/sala-de-exposiciones-de-can-curt\/","address":{"@type":"PostalAddress","streetAddress":"Pla\u00e7a de la esgl\u00e9sia","addressLocality":"Sant Agust\u00ed des Vedr\u00e0","addressRegion":"Illes Balears","postalCode":"07829"},"geo":{"@type":"GeoCoordinates","latitude":38.94128599999999806868800078518688678741455078125,"longitude":1.2937665000000000414814849136746488511562347412109375},"telephone":"","sameAs":""},"show_map":true,"show_map_link":true,"global_id":"cultura.santjosep.org\/es\/?id=2654","global_id_lineage":["cultura.santjosep.org\/es\/?id=2654"]},"organizer":[],"custom_fields":[],"json_ld":{"@context":"http:\/\/schema.org","@type":"Event","name":"Inauguraci\u00f3 de l&#8217;exposici\u00f3 d&#8217;artistes de Sant Agust\u00ed","description":"&lt;p&gt;19:00 h Inauguraci\u00f3 de l\\'exposici\u00f3 d\\'artistes de Sant Agust\u00ed Mostra de treballs d\\'artistes amateurs del poble. A la Sala d\\'Exposicions de Can Curt. Fins al dia 3 de setembre. Horari: &hellip; &lt;\/p&gt;\\n&lt;p class=&quot;link-more&quot;&gt;&lt;a href=&quot;https:\/\/cultura.santjosep.org\/es\/agenda\/inauguracio-de-lexposicio-dartistes-de-sant-agusti\/&quot; class=&quot;more-link&quot;&gt;Seguir leyendo&lt;span class=&quot;screen-reader-text&quot;&gt; \u00abInauguraci\u00f3 de l&#8217;exposici\u00f3 d&#8217;artistes de Sant Agust\u00ed\u00bb&lt;\/span&gt;&lt;\/a&gt;&lt;\/p&gt;\\n","image":"https:\/\/cultura.santjosep.org\/wp-content\/uploads\/2023\/08\/cancurt.jpg","url":"https:\/\/cultura.santjosep.org\/es\/agenda\/inauguracio-de-lexposicio-dartistes-de-sant-agusti\/","eventAttendanceMode":"https:\/\/schema.org\/OfflineEventAttendanceMode","eventStatus":"https:\/\/schema.org\/EventScheduled","startDate":"2023-08-24T19:00:00+02:00","endDate":"2023-08-24T19:00:00+02:00","location":{"@type":"Place","name":"Sala de exposiciones de Can Curt","description":"","image":"https:\/\/cultura.santjosep.org\/wp-content\/uploads\/2020\/10\/logocancurt.png","url":"https:\/\/cultura.santjosep.org\/es\/local\/sala-de-exposiciones-de-can-curt\/","address":{"@type":"PostalAddress","streetAddress":"Pla\u00e7a de la esgl\u00e9sia","addressLocality":"Sant Agust\u00ed des Vedr\u00e0","addressRegion":"Illes Balears","postalCode":"07829"},"geo":{"@type":"GeoCoordinates","latitude":38.94128599999999806868800078518688678741455078125,"longitude":1.2937665000000000414814849136746488511562347412109375},"telephone":"","sameAs":""},"performer":"Organization"},"is_virtual":false,"virtual_url":null,"virtual_video_source":""}