{"id":19657,"global_id":"cultura.santjosep.org\/es\/?id=19657","global_id_lineage":["cultura.santjosep.org\/es\/?id=19657"],"author":"1","status":"publish","date":"2023-09-29 12:40:32","date_utc":"2023-09-29 10:40:32","modified":"2023-09-29 12:40:32","modified_utc":"2023-09-29 10:40:32","url":"https:\/\/cultura.santjosep.org\/es\/agenda\/festa-la-charanga-de-casa-de-cantabria-a-valencia\/","rest_url":"https:\/\/cultura.santjosep.org\/es\/wp-json\/tribe\/events\/v1\/events\/19657","title":"Festa &#8211; &#8216;La Charanga de Casa de Cant\u00e0bria a Val\u00e8ncia&#8217;","description":"<p><strong>Festa &#8211; &#8216;La Charanga de Casa de Cant\u00e0bria a Val\u00e8ncia&#8217;<\/strong><\/p>\n<p><strong>Data:<\/strong> dissabte, 14 d&#8217;octubre, a les 20:30 h<br \/>\n<strong>Lloc:<\/strong> a l\u2019envelat instal\u00b7lat al parc infantil c\/ es Cal\u00f3, cantonada c\/ Conca<\/p>\n<p>L\u2019organitza la Casa de Cant\u00e0bria a Eivissa<\/p>","excerpt":"","slug":"festa-la-charanga-de-casa-de-cantabria-a-valencia","image":{"url":"https:\/\/cultura.santjosep.org\/wp-content\/uploads\/2023\/09\/PROGRAMA-DE-FESTES-CALA-DE-BOU-I-ES-PORT-DES-TORRENT-2023.-1.png","id":19604,"extension":"png","width":863,"height":1099,"sizes":{"medium":{"width":236,"height":300,"mime-type":"image\/png","url":"https:\/\/cultura.santjosep.org\/wp-content\/uploads\/2023\/09\/PROGRAMA-DE-FESTES-CALA-DE-BOU-I-ES-PORT-DES-TORRENT-2023.-1-236x300.png"},"large":{"width":804,"height":1024,"mime-type":"image\/png","url":"https:\/\/cultura.santjosep.org\/wp-content\/uploads\/2023\/09\/PROGRAMA-DE-FESTES-CALA-DE-BOU-I-ES-PORT-DES-TORRENT-2023.-1-804x1024.png"},"thumbnail":{"width":150,"height":150,"mime-type":"image\/png","url":"https:\/\/cultura.santjosep.org\/wp-content\/uploads\/2023\/09\/PROGRAMA-DE-FESTES-CALA-DE-BOU-I-ES-PORT-DES-TORRENT-2023.-1-150x150.png"},"medium_large":{"width":768,"height":978,"mime-type":"image\/png","url":"https:\/\/cultura.santjosep.org\/wp-content\/uploads\/2023\/09\/PROGRAMA-DE-FESTES-CALA-DE-BOU-I-ES-PORT-DES-TORRENT-2023.-1-768x978.png"},"cmplz_banner_image":{"width":350,"height":100,"mime-type":"image\/png","url":"https:\/\/cultura.santjosep.org\/wp-content\/uploads\/2023\/09\/PROGRAMA-DE-FESTES-CALA-DE-BOU-I-ES-PORT-DES-TORRENT-2023.-1-350x100.png"}}},"all_day":false,"start_date":"2023-10-14 20:30:00","start_date_details":{"year":"2023","month":"10","day":"14","hour":"20","minutes":"30","seconds":"00"},"end_date":"2023-10-14 20:30:00","end_date_details":{"year":"2023","month":"10","day":"14","hour":"20","minutes":"30","seconds":"00"},"utc_start_date":"2023-10-14 18:30:00","utc_start_date_details":{"year":"2023","month":"10","day":"14","hour":"18","minutes":"30","seconds":"00"},"utc_end_date":"2023-10-14 18:30:00","utc_end_date_details":{"year":"2023","month":"10","day":"14","hour":"18","minutes":"30","seconds":"00"},"timezone":"Europe\/Madrid","timezone_abbr":"CEST","cost":"","cost_details":{"currency_symbol":"","currency_code":"","currency_position":"suffix","values":[]},"website":"","show_map":true,"show_map_link":true,"hide_from_listings":false,"sticky":false,"featured":false,"categories":[{"name":"Festes Cala de Bou","slug":"festes-cala-de-bou-es","term_group":0,"term_taxonomy_id":147,"taxonomy":"tribe_events_cat","description":"","parent":0,"count":49,"filter":"raw","id":147,"urls":{"self":"https:\/\/cultura.santjosep.org\/es\/wp-json\/tribe\/events\/v1\/categories\/147","collection":"https:\/\/cultura.santjosep.org\/es\/wp-json\/tribe\/events\/v1\/categories"}}],"tags":[],"venue":{"id":14724,"author":"1","status":"publish","date":"2022-10-05 11:54:11","date_utc":"2022-10-05 09:54:11","modified":"2022-10-05 13:55:55","modified_utc":"2022-10-05 11:55:55","url":"https:\/\/cultura.santjosep.org\/es\/local\/parque-infantil-de-cala-de-bou\/","venue":"Parque Infantil de Cala de Bou","slug":"parque-infantil-de-cala-de-bou","address":"Carrer de Conca, 26, Sant Josep de sa Talaia, Illes Balears","city":"Cala de Bou","country":"Espa\u00f1a","website":"https:\/\/cultura.santjosep.org\/venue\/cala-de-bou\/","json_ld":{"@type":"Place","name":"Parque Infantil de Cala de Bou","description":"","url":"https:\/\/cultura.santjosep.org\/es\/local\/parque-infantil-de-cala-de-bou\/","address":{"@type":"PostalAddress","streetAddress":"Carrer de Conca, 26, Sant Josep de sa Talaia, Illes Balears","addressLocality":"Cala de Bou","addressCountry":"Espa\u00f1a"},"telephone":"","sameAs":"https:\/\/cultura.santjosep.org\/venue\/cala-de-bou\/"},"show_map":true,"show_map_link":true,"global_id":"cultura.santjosep.org\/es\/?id=14724","global_id_lineage":["cultura.santjosep.org\/es\/?id=14724"]},"organizer":[],"custom_fields":[],"json_ld":{"@context":"http:\/\/schema.org","@type":"Event","name":"Festa &#8211; &#8216;La Charanga de Casa de Cant\u00e0bria a Val\u00e8ncia&#8217;","description":"&lt;p&gt;Festa - \\'La Charanga de Casa de Cant\u00e0bria a Val\u00e8ncia\\' Data: dissabte, 14 d\\'octubre, a les 20:30 h Lloc: a l\u2019envelat instal\u00b7lat al parc infantil c\/ es Cal\u00f3, cantonada c\/ &hellip; &lt;\/p&gt;\\n&lt;p class=&quot;link-more&quot;&gt;&lt;a href=&quot;https:\/\/cultura.santjosep.org\/es\/agenda\/festa-la-charanga-de-casa-de-cantabria-a-valencia\/&quot; class=&quot;more-link&quot;&gt;Seguir leyendo&lt;span class=&quot;screen-reader-text&quot;&gt; \u00abFesta &#8211; &#8216;La Charanga de Casa de Cant\u00e0bria a Val\u00e8ncia&#8217;\u00bb&lt;\/span&gt;&lt;\/a&gt;&lt;\/p&gt;\\n","image":"https:\/\/cultura.santjosep.org\/wp-content\/uploads\/2023\/09\/PROGRAMA-DE-FESTES-CALA-DE-BOU-I-ES-PORT-DES-TORRENT-2023.-1.png","url":"https:\/\/cultura.santjosep.org\/es\/agenda\/festa-la-charanga-de-casa-de-cantabria-a-valencia\/","eventAttendanceMode":"https:\/\/schema.org\/OfflineEventAttendanceMode","eventStatus":"https:\/\/schema.org\/EventScheduled","startDate":"2023-10-14T20:30:00+02:00","endDate":"2023-10-14T20:30:00+02:00","location":{"@type":"Place","name":"Parque Infantil de Cala de Bou","description":"","url":"https:\/\/cultura.santjosep.org\/es\/local\/parque-infantil-de-cala-de-bou\/","address":{"@type":"PostalAddress","streetAddress":"Carrer de Conca, 26, Sant Josep de sa Talaia, Illes Balears","addressLocality":"Cala de Bou","addressCountry":"Espa\u00f1a"},"telephone":"","sameAs":"https:\/\/cultura.santjosep.org\/venue\/cala-de-bou\/"},"performer":"Organization"},"is_virtual":false,"virtual_url":null,"virtual_video_source":""}