{"id":19699,"global_id":"cultura.santjosep.org\/es\/?id=19699","global_id_lineage":["cultura.santjosep.org\/es\/?id=19699"],"author":"1","status":"publish","date":"2023-10-04 12:18:49","date_utc":"2023-10-04 10:18:49","modified":"2023-10-12 10:43:13","modified_utc":"2023-10-12 08:43:13","url":"https:\/\/cultura.santjosep.org\/es\/agenda\/cantar-jugar-i-ballar-2\/","rest_url":"https:\/\/cultura.santjosep.org\/es\/wp-json\/tribe\/events\/v1\/events\/19699","title":"Cantar, jugar i ballar","description":"<p><strong>Cantar, jugar i ballar<\/strong><\/p>\n<p>Jocs i can\u00e7ons tradicionals infantils, amb Sue\u00f1os de Ibiza i Jugueroix, jocs gegants de fusta per a tota la fam\u00edlia<\/p>\n<p>Dijous, 12 d&#8217;octubre, a les 17:00 h<\/p>\n<p>Xocolatada<\/p>","excerpt":"","slug":"cantar-jugar-i-ballar-2","image":{"url":"https:\/\/cultura.santjosep.org\/wp-content\/uploads\/2023\/10\/89297102_2662284887328415_7785692031564644352_n1.jpg","id":19784,"extension":"jpg","width":2000,"height":1333,"sizes":{"medium":{"width":300,"height":200,"mime-type":"image\/jpeg","url":"https:\/\/cultura.santjosep.org\/wp-content\/uploads\/2023\/10\/89297102_2662284887328415_7785692031564644352_n1-300x200.jpg"},"large":{"width":1024,"height":682,"mime-type":"image\/jpeg","url":"https:\/\/cultura.santjosep.org\/wp-content\/uploads\/2023\/10\/89297102_2662284887328415_7785692031564644352_n1-1024x682.jpg"},"thumbnail":{"width":150,"height":150,"mime-type":"image\/jpeg","url":"https:\/\/cultura.santjosep.org\/wp-content\/uploads\/2023\/10\/89297102_2662284887328415_7785692031564644352_n1-150x150.jpg"},"medium_large":{"width":768,"height":512,"mime-type":"image\/jpeg","url":"https:\/\/cultura.santjosep.org\/wp-content\/uploads\/2023\/10\/89297102_2662284887328415_7785692031564644352_n1-768x512.jpg"},"1536x1536":{"width":1536,"height":1024,"mime-type":"image\/jpeg","url":"https:\/\/cultura.santjosep.org\/wp-content\/uploads\/2023\/10\/89297102_2662284887328415_7785692031564644352_n1-1536x1024.jpg"},"post-thumbnail":{"width":1568,"height":1045,"mime-type":"image\/jpeg","url":"https:\/\/cultura.santjosep.org\/wp-content\/uploads\/2023\/10\/89297102_2662284887328415_7785692031564644352_n1-1568x1045.jpg"},"mailpoet_newsletter_max":{"width":1320,"height":880,"mime-type":"image\/jpeg","url":"https:\/\/cultura.santjosep.org\/wp-content\/uploads\/2023\/10\/89297102_2662284887328415_7785692031564644352_n1-1320x880.jpg"},"cmplz_banner_image":{"width":350,"height":100,"mime-type":"image\/jpeg","url":"https:\/\/cultura.santjosep.org\/wp-content\/uploads\/2023\/10\/89297102_2662284887328415_7785692031564644352_n1-350x100.jpg"}}},"all_day":false,"start_date":"2023-10-12 17:00:00","start_date_details":{"year":"2023","month":"10","day":"12","hour":"17","minutes":"00","seconds":"00"},"end_date":"2023-10-12 17:00:00","end_date_details":{"year":"2023","month":"10","day":"12","hour":"17","minutes":"00","seconds":"00"},"utc_start_date":"2023-10-12 15:00:00","utc_start_date_details":{"year":"2023","month":"10","day":"12","hour":"15","minutes":"00","seconds":"00"},"utc_end_date":"2023-10-12 15:00:00","utc_end_date_details":{"year":"2023","month":"10","day":"12","hour":"15","minutes":"00","seconds":"00"},"timezone":"Europe\/Madrid","timezone_abbr":"CEST","cost":"","cost_details":{"currency_symbol":"","currency_code":"","currency_position":"suffix","values":[]},"website":"","show_map":true,"show_map_link":true,"hide_from_listings":false,"sticky":false,"featured":false,"categories":[{"name":"Festes de Santa Teresa &#8211; Es Cubells","slug":"festes-de-santa-teresa-es-cubells-es","term_group":0,"term_taxonomy_id":171,"taxonomy":"tribe_events_cat","description":"","parent":0,"count":15,"filter":"raw","id":171,"urls":{"self":"https:\/\/cultura.santjosep.org\/es\/wp-json\/tribe\/events\/v1\/categories\/171","collection":"https:\/\/cultura.santjosep.org\/es\/wp-json\/tribe\/events\/v1\/categories"}}],"tags":[],"venue":{"id":6632,"author":"1","status":"publish","date":"2021-05-27 12:11:18","date_utc":"2021-05-27 10:11:18","modified":"2021-05-27 12:11:18","modified_utc":"2021-05-27 10:11:18","url":"https:\/\/cultura.santjosep.org\/local\/es-cubells\/","venue":"Es Cubells","slug":"es-cubells","json_ld":{"@type":"Place","name":"Es Cubells","description":"","url":"https:\/\/cultura.santjosep.org\/local\/es-cubells\/","address":{"@type":"PostalAddress"},"telephone":"","sameAs":""},"show_map":true,"show_map_link":true,"global_id":"cultura.santjosep.org\/es\/?id=6632","global_id_lineage":["cultura.santjosep.org\/es\/?id=6632"]},"organizer":[],"custom_fields":[],"json_ld":{"@context":"http:\/\/schema.org","@type":"Event","name":"Cantar, jugar i ballar","description":"&lt;p&gt;Cantar, jugar i ballar Jocs i can\u00e7ons tradicionals infantils, amb Sue\u00f1os de Ibiza i Jugueroix, jocs gegants de fusta per a tota la fam\u00edlia Dijous, 12 d\\'octubre, a les 17:00 &hellip; &lt;\/p&gt;\\n&lt;p class=&quot;link-more&quot;&gt;&lt;a href=&quot;https:\/\/cultura.santjosep.org\/es\/agenda\/cantar-jugar-i-ballar-2\/&quot; class=&quot;more-link&quot;&gt;Seguir leyendo&lt;span class=&quot;screen-reader-text&quot;&gt; \u00abCantar, jugar i ballar\u00bb&lt;\/span&gt;&lt;\/a&gt;&lt;\/p&gt;\\n","image":"https:\/\/cultura.santjosep.org\/wp-content\/uploads\/2023\/10\/89297102_2662284887328415_7785692031564644352_n1.jpg","url":"https:\/\/cultura.santjosep.org\/es\/agenda\/cantar-jugar-i-ballar-2\/","eventAttendanceMode":"https:\/\/schema.org\/OfflineEventAttendanceMode","eventStatus":"https:\/\/schema.org\/EventScheduled","startDate":"2023-10-12T17:00:00+02:00","endDate":"2023-10-12T17:00:00+02:00","location":{"@type":"Place","name":"Es Cubells","description":"","url":"https:\/\/cultura.santjosep.org\/local\/es-cubells\/","address":{"@type":"PostalAddress"},"telephone":"","sameAs":""},"performer":"Organization"},"is_virtual":false,"virtual_url":null,"virtual_video_source":""}