{"id":20433,"global_id":"cultura.santjosep.org\/es\/?id=20433","global_id_lineage":["cultura.santjosep.org\/es\/?id=20433"],"author":"1","status":"publish","date":"2023-12-04 15:17:57","date_utc":"2023-12-04 14:17:57","modified":"2023-12-04 15:19:12","modified_utc":"2023-12-04 14:19:12","url":"https:\/\/cultura.santjosep.org\/es\/agenda\/taller-nadalenc-infantil\/","rest_url":"https:\/\/cultura.santjosep.org\/es\/wp-json\/tribe\/events\/v1\/events\/20433","title":"Taller navide\u00f1o infantil","description":"<div class=\"wpb-content-wrapper\"><p>[vc_row][vc_column][vc_column_text]h Taller navide\u00f1o infantil. Plazas limitadas. Preferencia a los socios. Inscripci\u00f3n previa en <a href=\"mailto:avecescubells@gmail.com\">avecescubells@gmail.com<\/a>. Lo organiza la Associaci\u00f3 de Vesins des Cubells.[\/vc_column_text][\/vc_column][\/vc_row][vc_row][vc_column][vc_single_image image=\u00bb20341&#8243; img_size=\u00bblarge\u00bb][\/vc_column][\/vc_row][vc_row][vc_column][vc_btn title=\u00bbFestes de Nadal 2023-2024&#8243; color=\u00bbdanger\u00bb link=\u00bburl:https%3A%2F%2Fwww.santjosep.org%2Fwp-content%2Fuploads%2F2023%2F12%2FFestes-Nadal-202.pdf\u00bb][\/vc_column][\/vc_row]<\/p>\n<\/div>","excerpt":"","slug":"taller-nadalenc-infantil","image":{"url":"https:\/\/cultura.santjosep.org\/wp-content\/uploads\/2023\/12\/shutterstock_2091733066.jpg","id":20431,"extension":"jpg","width":1000,"height":667,"sizes":{"medium":{"width":300,"height":200,"mime-type":"image\/jpeg","url":"https:\/\/cultura.santjosep.org\/wp-content\/uploads\/2023\/12\/shutterstock_2091733066-300x200.jpg"},"thumbnail":{"width":150,"height":150,"mime-type":"image\/jpeg","url":"https:\/\/cultura.santjosep.org\/wp-content\/uploads\/2023\/12\/shutterstock_2091733066-150x150.jpg"},"medium_large":{"width":768,"height":512,"mime-type":"image\/jpeg","url":"https:\/\/cultura.santjosep.org\/wp-content\/uploads\/2023\/12\/shutterstock_2091733066-768x512.jpg"},"cmplz_banner_image":{"width":350,"height":100,"mime-type":"image\/jpeg","url":"https:\/\/cultura.santjosep.org\/wp-content\/uploads\/2023\/12\/shutterstock_2091733066-350x100.jpg"}}},"all_day":false,"start_date":"2023-12-10 10:30:00","start_date_details":{"year":"2023","month":"12","day":"10","hour":"10","minutes":"30","seconds":"00"},"end_date":"2023-12-10 10:30:00","end_date_details":{"year":"2023","month":"12","day":"10","hour":"10","minutes":"30","seconds":"00"},"utc_start_date":"2023-12-10 09:30:00","utc_start_date_details":{"year":"2023","month":"12","day":"10","hour":"09","minutes":"30","seconds":"00"},"utc_end_date":"2023-12-10 09:30:00","utc_end_date_details":{"year":"2023","month":"12","day":"10","hour":"09","minutes":"30","seconds":"00"},"timezone":"Europe\/Madrid","timezone_abbr":"CET","cost":"","cost_details":{"currency_symbol":"","currency_code":"","currency_position":"suffix","values":[]},"website":"","show_map":true,"show_map_link":true,"hide_from_listings":false,"sticky":false,"featured":false,"categories":[{"name":"Fiestas de Navidad","slug":"fiestas-de-navidad","term_group":0,"term_taxonomy_id":157,"taxonomy":"tribe_events_cat","description":"","parent":0,"count":150,"filter":"raw","id":157,"urls":{"self":"https:\/\/cultura.santjosep.org\/es\/wp-json\/tribe\/events\/v1\/categories\/157","collection":"https:\/\/cultura.santjosep.org\/es\/wp-json\/tribe\/events\/v1\/categories"}}],"tags":[],"venue":{"id":6632,"author":"1","status":"publish","date":"2021-05-27 12:11:18","date_utc":"2021-05-27 10:11:18","modified":"2021-05-27 12:11:18","modified_utc":"2021-05-27 10:11:18","url":"https:\/\/cultura.santjosep.org\/local\/es-cubells\/","venue":"Es Cubells","slug":"es-cubells","json_ld":{"@type":"Place","name":"Es Cubells","description":"","url":"https:\/\/cultura.santjosep.org\/local\/es-cubells\/","address":{"@type":"PostalAddress"},"telephone":"","sameAs":""},"show_map":true,"show_map_link":true,"global_id":"cultura.santjosep.org\/es\/?id=6632","global_id_lineage":["cultura.santjosep.org\/es\/?id=6632"]},"organizer":[],"custom_fields":[],"json_ld":{"@context":"http:\/\/schema.org","@type":"Event","name":"Taller navide\u00f1o infantil","description":"&lt;p&gt;h Taller navide\u00f1o infantil. Plazas limitadas. Preferencia a los socios. Inscripci\u00f3n previa en avecescubells@gmail.com. Lo organiza la Associaci\u00f3 de Vesins des Cubells.&lt;\/p&gt;\\n","image":"https:\/\/cultura.santjosep.org\/wp-content\/uploads\/2023\/12\/shutterstock_2091733066.jpg","url":"https:\/\/cultura.santjosep.org\/es\/agenda\/taller-nadalenc-infantil\/","eventAttendanceMode":"https:\/\/schema.org\/OfflineEventAttendanceMode","eventStatus":"https:\/\/schema.org\/EventScheduled","startDate":"2023-12-10T10:30:00+01:00","endDate":"2023-12-10T10:30:00+01:00","location":{"@type":"Place","name":"Es Cubells","description":"","url":"https:\/\/cultura.santjosep.org\/local\/es-cubells\/","address":{"@type":"PostalAddress"},"telephone":"","sameAs":""},"performer":"Organization"},"is_virtual":false,"virtual_url":null,"virtual_video_source":""}