{"id":20605,"global_id":"cultura.santjosep.org\/es\/?id=20605","global_id_lineage":["cultura.santjosep.org\/es\/?id=20605"],"author":"1","status":"publish","date":"2023-12-05 09:52:15","date_utc":"2023-12-05 08:52:15","modified":"2023-12-05 09:53:17","modified_utc":"2023-12-05 08:53:17","url":"https:\/\/cultura.santjosep.org\/es\/agenda\/taller-de-calcetins\/","rest_url":"https:\/\/cultura.santjosep.org\/es\/wp-json\/tribe\/events\/v1\/events\/20605","title":"Taller de calcetines","description":"<div class=\"wpb-content-wrapper\"><p>[vc_row][vc_column][vc_column_text]Taller de calcetines. Crea tu calcet\u00edn navide\u00f1o para colgar en la chimenea. En el Casal de Joves Bauxa. Para j\u00f3venes de 10 a 18 a\u00f1os.[\/vc_column_text][\/vc_column][\/vc_row]<\/p>\n<\/div>","excerpt":"","slug":"taller-de-calcetins","image":{"url":"https:\/\/cultura.santjosep.org\/wp-content\/uploads\/2023\/12\/shutterstock_1838541370.jpg","id":20603,"extension":"jpg","width":1000,"height":668,"sizes":{"medium":{"width":300,"height":200,"mime-type":"image\/jpeg","url":"https:\/\/cultura.santjosep.org\/wp-content\/uploads\/2023\/12\/shutterstock_1838541370-300x200.jpg"},"thumbnail":{"width":150,"height":150,"mime-type":"image\/jpeg","url":"https:\/\/cultura.santjosep.org\/wp-content\/uploads\/2023\/12\/shutterstock_1838541370-150x150.jpg"},"medium_large":{"width":768,"height":513,"mime-type":"image\/jpeg","url":"https:\/\/cultura.santjosep.org\/wp-content\/uploads\/2023\/12\/shutterstock_1838541370-768x513.jpg"},"cmplz_banner_image":{"width":350,"height":100,"mime-type":"image\/jpeg","url":"https:\/\/cultura.santjosep.org\/wp-content\/uploads\/2023\/12\/shutterstock_1838541370-350x100.jpg"}}},"all_day":false,"start_date":"2023-12-20 17:00:00","start_date_details":{"year":"2023","month":"12","day":"20","hour":"17","minutes":"00","seconds":"00"},"end_date":"2023-12-20 17:00:00","end_date_details":{"year":"2023","month":"12","day":"20","hour":"17","minutes":"00","seconds":"00"},"utc_start_date":"2023-12-20 16:00:00","utc_start_date_details":{"year":"2023","month":"12","day":"20","hour":"16","minutes":"00","seconds":"00"},"utc_end_date":"2023-12-20 16:00:00","utc_end_date_details":{"year":"2023","month":"12","day":"20","hour":"16","minutes":"00","seconds":"00"},"timezone":"Europe\/Madrid","timezone_abbr":"CET","cost":"","cost_details":{"currency_symbol":"","currency_code":"","currency_position":"suffix","values":[]},"website":"","show_map":true,"show_map_link":true,"hide_from_listings":false,"sticky":false,"featured":false,"categories":[{"name":"Fiestas de Navidad","slug":"fiestas-de-navidad","term_group":0,"term_taxonomy_id":157,"taxonomy":"tribe_events_cat","description":"","parent":0,"count":150,"filter":"raw","id":157,"urls":{"self":"https:\/\/cultura.santjosep.org\/es\/wp-json\/tribe\/events\/v1\/categories\/157","collection":"https:\/\/cultura.santjosep.org\/es\/wp-json\/tribe\/events\/v1\/categories"}}],"tags":[],"venue":{"id":4426,"author":"1","status":"publish","date":"2020-12-01 11:09:01","date_utc":"2020-12-01 10:09:01","modified":"2020-12-04 13:10:21","modified_utc":"2020-12-04 12:10:21","url":"https:\/\/cultura.santjosep.org\/local\/casal-bauxa\/","venue":"Bauxa Casal De Joves","description":"<p><img loading=\"lazy\" decoding=\"async\" class=\"alignleft wp-image-4681 size-full\" src=\"https:\/\/cultura.santjosep.org\/wp-content\/uploads\/2020\/12\/Casal-Bauxa.jpg\" alt=\"\" width=\"680\" height=\"382\" srcset=\"https:\/\/cultura.santjosep.org\/wp-content\/uploads\/2020\/12\/Casal-Bauxa.jpg 680w, https:\/\/cultura.santjosep.org\/wp-content\/uploads\/2020\/12\/Casal-Bauxa-300x169.jpg 300w\" sizes=\"auto, (max-width: 680px) 100vw, 680px\" \/><\/p>","slug":"casal-bauxa","address":"Av. Sant Agust\u00ed, 164","city":"Sant Josep de sa Talaia","country":"Espa\u00f1a","province":"Illes Balears","zip":"07829","phone":"971 804 559","website":"https:\/\/www.facebook.com\/Bauxa","stateprovince":"Illes Balears","geo_lat":38.96614910000000264744812739081680774688720703125,"geo_lng":1.2766884999999998928643663020920939743518829345703125,"json_ld":{"@type":"Place","name":"Bauxa Casal De Joves","description":"","url":"https:\/\/cultura.santjosep.org\/local\/casal-bauxa\/","address":{"@type":"PostalAddress","streetAddress":"Av. Sant Agust\u00ed, 164","addressLocality":"Sant Josep de sa Talaia","addressRegion":"Illes Balears","postalCode":"07829","addressCountry":"Espa\u00f1a"},"geo":{"@type":"GeoCoordinates","latitude":38.96614910000000264744812739081680774688720703125,"longitude":1.2766884999999998928643663020920939743518829345703125},"telephone":"971 804 559","sameAs":"https:\/\/www.facebook.com\/Bauxa"},"show_map":true,"show_map_link":true,"global_id":"cultura.santjosep.org\/es\/?id=4426","global_id_lineage":["cultura.santjosep.org\/es\/?id=4426"]},"organizer":[],"custom_fields":[],"json_ld":{"@context":"http:\/\/schema.org","@type":"Event","name":"Taller de calcetines","description":"&lt;p&gt;Taller de calcetines. Crea tu calcet\u00edn navide\u00f1o para colgar en la chimenea. En el Casal de Joves Bauxa. Para j\u00f3venes de 10 a 18 a\u00f1os.&lt;\/p&gt;\\n","image":"https:\/\/cultura.santjosep.org\/wp-content\/uploads\/2023\/12\/shutterstock_1838541370.jpg","url":"https:\/\/cultura.santjosep.org\/es\/agenda\/taller-de-calcetins\/","eventAttendanceMode":"https:\/\/schema.org\/OfflineEventAttendanceMode","eventStatus":"https:\/\/schema.org\/EventScheduled","startDate":"2023-12-20T17:00:00+01:00","endDate":"2023-12-20T17:00:00+01:00","location":{"@type":"Place","name":"Bauxa Casal De Joves","description":"","url":"https:\/\/cultura.santjosep.org\/local\/casal-bauxa\/","address":{"@type":"PostalAddress","streetAddress":"Av. Sant Agust\u00ed, 164","addressLocality":"Sant Josep de sa Talaia","addressRegion":"Illes Balears","postalCode":"07829","addressCountry":"Espa\u00f1a"},"geo":{"@type":"GeoCoordinates","latitude":38.96614910000000264744812739081680774688720703125,"longitude":1.2766884999999998928643663020920939743518829345703125},"telephone":"971 804 559","sameAs":"https:\/\/www.facebook.com\/Bauxa"},"performer":"Organization"},"is_virtual":false,"virtual_url":null,"virtual_video_source":""}