{"id":20656,"global_id":"cultura.santjosep.org\/es\/?id=20656","global_id_lineage":["cultura.santjosep.org\/es\/?id=20656"],"author":"1","status":"publish","date":"2023-12-05 10:37:15","date_utc":"2023-12-05 09:37:15","modified":"2023-12-05 14:37:16","modified_utc":"2023-12-05 13:37:16","url":"https:\/\/cultura.santjosep.org\/es\/agenda\/concert-cor-de-lurgell-i-cor-de-sant-josep\/","rest_url":"https:\/\/cultura.santjosep.org\/es\/wp-json\/tribe\/events\/v1\/events\/20656","title":"Concert &#8211; Cor de L&#8217;Urgell i Cor de Sant Josep","description":"<p><strong>Concert &#8211; Cor de L&#8217;Urgell i Cor de Sant Josep<\/strong><\/p>\n<p>Estrena del poema coral &#8216;Nadal&#8217; (Bartomeu Tur i Mari\u00e0 Torres). Projecte: Cor de Sant Josep<\/p>\n<p><img loading=\"lazy\" decoding=\"async\" class=\"alignnone size-full wp-image-20587\" src=\"https:\/\/cultura.santjosep.org\/wp-content\/uploads\/2023\/12\/units.png\" alt=\"\" width=\"1386\" height=\"1962\" srcset=\"https:\/\/cultura.santjosep.org\/wp-content\/uploads\/2023\/12\/units.png 1386w, https:\/\/cultura.santjosep.org\/wp-content\/uploads\/2023\/12\/units-212x300.png 212w, https:\/\/cultura.santjosep.org\/wp-content\/uploads\/2023\/12\/units-723x1024.png 723w, https:\/\/cultura.santjosep.org\/wp-content\/uploads\/2023\/12\/units-768x1087.png 768w, https:\/\/cultura.santjosep.org\/wp-content\/uploads\/2023\/12\/units-1085x1536.png 1085w, https:\/\/cultura.santjosep.org\/wp-content\/uploads\/2023\/12\/units-1320x1869.png 1320w\" sizes=\"auto, (max-width: 1386px) 100vw, 1386px\" \/><\/p>","excerpt":"","slug":"concert-cor-de-lurgell-i-cor-de-sant-josep","image":{"url":"https:\/\/cultura.santjosep.org\/wp-content\/uploads\/2023\/12\/IMG_4501rec.jpg","id":20654,"extension":"jpg","width":1400,"height":933,"sizes":{"medium":{"width":300,"height":200,"mime-type":"image\/jpeg","url":"https:\/\/cultura.santjosep.org\/wp-content\/uploads\/2023\/12\/IMG_4501rec-300x200.jpg"},"large":{"width":1024,"height":682,"mime-type":"image\/jpeg","url":"https:\/\/cultura.santjosep.org\/wp-content\/uploads\/2023\/12\/IMG_4501rec-1024x682.jpg"},"thumbnail":{"width":150,"height":150,"mime-type":"image\/jpeg","url":"https:\/\/cultura.santjosep.org\/wp-content\/uploads\/2023\/12\/IMG_4501rec-150x150.jpg"},"medium_large":{"width":768,"height":512,"mime-type":"image\/jpeg","url":"https:\/\/cultura.santjosep.org\/wp-content\/uploads\/2023\/12\/IMG_4501rec-768x512.jpg"},"mailpoet_newsletter_max":{"width":1320,"height":880,"mime-type":"image\/jpeg","url":"https:\/\/cultura.santjosep.org\/wp-content\/uploads\/2023\/12\/IMG_4501rec-1320x880.jpg"},"cmplz_banner_image":{"width":350,"height":100,"mime-type":"image\/jpeg","url":"https:\/\/cultura.santjosep.org\/wp-content\/uploads\/2023\/12\/IMG_4501rec-350x100.jpg"}}},"all_day":false,"start_date":"2023-12-14 19:30:00","start_date_details":{"year":"2023","month":"12","day":"14","hour":"19","minutes":"30","seconds":"00"},"end_date":"2023-12-14 19:30:00","end_date_details":{"year":"2023","month":"12","day":"14","hour":"19","minutes":"30","seconds":"00"},"utc_start_date":"2023-12-14 18:30:00","utc_start_date_details":{"year":"2023","month":"12","day":"14","hour":"18","minutes":"30","seconds":"00"},"utc_end_date":"2023-12-14 18:30:00","utc_end_date_details":{"year":"2023","month":"12","day":"14","hour":"18","minutes":"30","seconds":"00"},"timezone":"Europe\/Madrid","timezone_abbr":"CET","cost":"","cost_details":{"currency_symbol":"","currency_code":"","currency_position":"suffix","values":[]},"website":"","show_map":true,"show_map_link":true,"hide_from_listings":false,"sticky":false,"featured":false,"categories":[{"name":"Conciertos","slug":"conciertos","term_group":0,"term_taxonomy_id":31,"taxonomy":"tribe_events_cat","description":"","parent":0,"count":222,"filter":"raw","id":31,"urls":{"self":"https:\/\/cultura.santjosep.org\/es\/wp-json\/tribe\/events\/v1\/categories\/31","collection":"https:\/\/cultura.santjosep.org\/es\/wp-json\/tribe\/events\/v1\/categories"}},{"name":"Units pel nostre parlar","slug":"units-pel-nostre-parlar","term_group":0,"term_taxonomy_id":36,"taxonomy":"tribe_events_cat","description":"","parent":0,"count":56,"filter":"raw","id":36,"urls":{"self":"https:\/\/cultura.santjosep.org\/es\/wp-json\/tribe\/events\/v1\/categories\/36","collection":"https:\/\/cultura.santjosep.org\/es\/wp-json\/tribe\/events\/v1\/categories"}}],"tags":[],"venue":{"id":4305,"author":"1","status":"publish","date":"2020-12-01 09:30:23","date_utc":"2020-12-01 08:30:23","modified":"2020-12-01 09:30:23","modified_utc":"2020-12-01 08:30:23","url":"https:\/\/cultura.santjosep.org\/local\/esglesia-de-sant-josep\/","venue":"Esgl\u00e9sia de Sant Josep","slug":"esglesia-de-sant-josep","city":"Sant Josep de Sa Talaia","country":"Espa\u00f1a","json_ld":{"@type":"Place","name":"Esgl\u00e9sia de Sant Josep","description":"","url":"https:\/\/cultura.santjosep.org\/local\/esglesia-de-sant-josep\/","address":{"@type":"PostalAddress","addressLocality":"Sant Josep de Sa Talaia","addressCountry":"Espa\u00f1a"},"telephone":"","sameAs":""},"show_map":true,"show_map_link":true,"global_id":"cultura.santjosep.org\/es\/?id=4305","global_id_lineage":["cultura.santjosep.org\/es\/?id=4305"]},"organizer":[],"custom_fields":[],"json_ld":{"@context":"http:\/\/schema.org","@type":"Event","name":"Concert &#8211; Cor de L&#8217;Urgell i Cor de Sant Josep","description":"&lt;p&gt;Concert - Cor de L\\'Urgell i Cor de Sant Josep Estrena del poema coral \\'Nadal\\' (Bartomeu Tur i Mari\u00e0 Torres). Projecte: Cor de Sant Josep&lt;\/p&gt;\\n","image":"https:\/\/cultura.santjosep.org\/wp-content\/uploads\/2023\/12\/IMG_4501rec.jpg","url":"https:\/\/cultura.santjosep.org\/es\/agenda\/concert-cor-de-lurgell-i-cor-de-sant-josep\/","eventAttendanceMode":"https:\/\/schema.org\/OfflineEventAttendanceMode","eventStatus":"https:\/\/schema.org\/EventScheduled","startDate":"2023-12-14T19:30:00+01:00","endDate":"2023-12-14T19:30:00+01:00","location":{"@type":"Place","name":"Esgl\u00e9sia de Sant Josep","description":"","url":"https:\/\/cultura.santjosep.org\/local\/esglesia-de-sant-josep\/","address":{"@type":"PostalAddress","addressLocality":"Sant Josep de Sa Talaia","addressCountry":"Espa\u00f1a"},"telephone":"","sameAs":""},"performer":"Organization"},"is_virtual":false,"virtual_url":null,"virtual_video_source":""}