{"id":21279,"global_id":"cultura.santjosep.org\/es\/?id=21279","global_id_lineage":["cultura.santjosep.org\/es\/?id=21279"],"author":"1","status":"publish","date":"2024-02-07 15:39:31","date_utc":"2024-02-07 14:39:31","modified":"2024-02-07 15:39:31","modified_utc":"2024-02-07 14:39:31","url":"https:\/\/cultura.santjosep.org\/es\/agenda\/dialegs-de-filosofia-practica-los-derechos-humanos-y-la-legalidad-internacional-pasado-presente-y-futuro\/","rest_url":"https:\/\/cultura.santjosep.org\/es\/wp-json\/tribe\/events\/v1\/events\/21279","title":"Di\u00e0legs de filosofia pr\u00e1ctica &#8211; &#8216;Los derechos humanos y la legalidad internacional: pasado, presente y futuro&#8217;","description":"<p><strong>Di\u00e0legs de filosofia pr\u00e1ctica &#8211; &#8216;Los derechos humanos y la legalidad internacional: pasado, presente y futuro&#8217; a c\u00e0rrec del professor Luis Orozco<\/strong><\/p>\n<p class=\"p1\">Convidats: \u00c0lex Pitaluga, professor d&#8217;Historia i diputat al Parlament Balear, i Juanjo Ferrer, senador per Eivissa i Formentera<\/p>\n<p>&nbsp;<\/p>\n<p><img loading=\"lazy\" decoding=\"async\" class=\"alignnone size-full wp-image-21262\" src=\"https:\/\/cultura.santjosep.org\/wp-content\/uploads\/2024\/02\/424479204_756586799274662_3084895599780271707_n.jpg\" alt=\"\" width=\"1080\" height=\"1080\" srcset=\"https:\/\/cultura.santjosep.org\/wp-content\/uploads\/2024\/02\/424479204_756586799274662_3084895599780271707_n.jpg 1080w, https:\/\/cultura.santjosep.org\/wp-content\/uploads\/2024\/02\/424479204_756586799274662_3084895599780271707_n-300x300.jpg 300w, https:\/\/cultura.santjosep.org\/wp-content\/uploads\/2024\/02\/424479204_756586799274662_3084895599780271707_n-1024x1024.jpg 1024w, https:\/\/cultura.santjosep.org\/wp-content\/uploads\/2024\/02\/424479204_756586799274662_3084895599780271707_n-150x150.jpg 150w, https:\/\/cultura.santjosep.org\/wp-content\/uploads\/2024\/02\/424479204_756586799274662_3084895599780271707_n-768x768.jpg 768w\" sizes=\"auto, (max-width: 1080px) 100vw, 1080px\" \/><\/p>","excerpt":"","slug":"dialegs-de-filosofia-practica-los-derechos-humanos-y-la-legalidad-internacional-pasado-presente-y-futuro","image":{"url":"https:\/\/cultura.santjosep.org\/wp-content\/uploads\/2024\/02\/89c19f96-69bd-45d0-bd56-5786fa17d080_16-9-aspect-ratio_default_0.jpg","id":21275,"extension":"jpg","width":880,"height":495,"sizes":{"medium":{"width":300,"height":169,"mime-type":"image\/jpeg","url":"https:\/\/cultura.santjosep.org\/wp-content\/uploads\/2024\/02\/89c19f96-69bd-45d0-bd56-5786fa17d080_16-9-aspect-ratio_default_0-300x169.jpg"},"thumbnail":{"width":150,"height":150,"mime-type":"image\/jpeg","url":"https:\/\/cultura.santjosep.org\/wp-content\/uploads\/2024\/02\/89c19f96-69bd-45d0-bd56-5786fa17d080_16-9-aspect-ratio_default_0-150x150.jpg"},"medium_large":{"width":768,"height":432,"mime-type":"image\/jpeg","url":"https:\/\/cultura.santjosep.org\/wp-content\/uploads\/2024\/02\/89c19f96-69bd-45d0-bd56-5786fa17d080_16-9-aspect-ratio_default_0-768x432.jpg"},"cmplz_banner_image":{"width":350,"height":100,"mime-type":"image\/jpeg","url":"https:\/\/cultura.santjosep.org\/wp-content\/uploads\/2024\/02\/89c19f96-69bd-45d0-bd56-5786fa17d080_16-9-aspect-ratio_default_0-350x100.jpg"}}},"all_day":false,"start_date":"2024-02-21 17:30:00","start_date_details":{"year":"2024","month":"02","day":"21","hour":"17","minutes":"30","seconds":"00"},"end_date":"2024-02-21 17:30:00","end_date_details":{"year":"2024","month":"02","day":"21","hour":"17","minutes":"30","seconds":"00"},"utc_start_date":"2024-02-21 16:30:00","utc_start_date_details":{"year":"2024","month":"02","day":"21","hour":"16","minutes":"30","seconds":"00"},"utc_end_date":"2024-02-21 16:30:00","utc_end_date_details":{"year":"2024","month":"02","day":"21","hour":"16","minutes":"30","seconds":"00"},"timezone":"Europe\/Madrid","timezone_abbr":"CET","cost":"","cost_details":{"currency_symbol":"","currency_code":"","currency_position":"suffix","values":[]},"website":"","show_map":true,"show_map_link":true,"hide_from_listings":false,"sticky":false,"featured":false,"categories":[{"name":"Charlas, presentaciones y conferencias","slug":"charlas-presentaciones-y-conferencias","term_group":0,"term_taxonomy_id":37,"taxonomy":"tribe_events_cat","description":"","parent":0,"count":66,"filter":"raw","id":37,"urls":{"self":"https:\/\/cultura.santjosep.org\/es\/wp-json\/tribe\/events\/v1\/categories\/37","collection":"https:\/\/cultura.santjosep.org\/es\/wp-json\/tribe\/events\/v1\/categories"}}],"tags":[],"venue":{"id":153,"author":"1","status":"publish","date":"2020-10-05 14:45:53","date_utc":"2020-10-05 12:45:53","modified":"2020-10-05 14:45:53","modified_utc":"2020-10-05 12:45:53","url":"https:\/\/cultura.santjosep.org\/local\/biblioteca-vicent-serra-i-orvay\/","venue":"Biblioteca Vicent Serra i Orvay","slug":"biblioteca-vicent-serra-i-orvay","address":"Carrer de la Pla\u00e7a Major, 9","city":"Sant Jordi de ses Salines","country":"Espa\u00f1a","province":"Illes Balears","zip":"07817","stateprovince":"Illes Balears","json_ld":{"@type":"Place","name":"Biblioteca Vicent Serra i Orvay","description":"","url":"https:\/\/cultura.santjosep.org\/local\/biblioteca-vicent-serra-i-orvay\/","address":{"@type":"PostalAddress","streetAddress":"Carrer de la Pla\u00e7a Major, 9","addressLocality":"Sant Jordi de ses Salines","addressRegion":"Illes Balears","postalCode":"07817","addressCountry":"Espa\u00f1a"},"telephone":"","sameAs":""},"show_map":true,"show_map_link":true,"global_id":"cultura.santjosep.org\/es\/?id=153","global_id_lineage":["cultura.santjosep.org\/es\/?id=153"]},"organizer":[],"custom_fields":[],"json_ld":{"@context":"http:\/\/schema.org","@type":"Event","name":"Di\u00e0legs de filosofia pr\u00e1ctica &#8211; &#8216;Los derechos humanos y la legalidad internacional: pasado, presente y futuro&#8217;","description":"&lt;p&gt;Di\u00e0legs de filosofia pr\u00e1ctica - \\'Los derechos humanos y la legalidad internacional: pasado, presente y futuro\\' a c\u00e0rrec del professor Luis Orozco Convidats: \u00c0lex Pitaluga, professor d\\'Historia i diputat al &hellip; &lt;\/p&gt;\\n&lt;p class=&quot;link-more&quot;&gt;&lt;a href=&quot;https:\/\/cultura.santjosep.org\/es\/agenda\/dialegs-de-filosofia-practica-los-derechos-humanos-y-la-legalidad-internacional-pasado-presente-y-futuro\/&quot; class=&quot;more-link&quot;&gt;Seguir leyendo&lt;span class=&quot;screen-reader-text&quot;&gt; \u00abDi\u00e0legs de filosofia pr\u00e1ctica &#8211; &#8216;Los derechos humanos y la legalidad internacional: pasado, presente y futuro&#8217;\u00bb&lt;\/span&gt;&lt;\/a&gt;&lt;\/p&gt;\\n","image":"https:\/\/cultura.santjosep.org\/wp-content\/uploads\/2024\/02\/89c19f96-69bd-45d0-bd56-5786fa17d080_16-9-aspect-ratio_default_0.jpg","url":"https:\/\/cultura.santjosep.org\/es\/agenda\/dialegs-de-filosofia-practica-los-derechos-humanos-y-la-legalidad-internacional-pasado-presente-y-futuro\/","eventAttendanceMode":"https:\/\/schema.org\/OfflineEventAttendanceMode","eventStatus":"https:\/\/schema.org\/EventScheduled","startDate":"2024-02-21T17:30:00+01:00","endDate":"2024-02-21T17:30:00+01:00","location":{"@type":"Place","name":"Biblioteca Vicent Serra i Orvay","description":"","url":"https:\/\/cultura.santjosep.org\/local\/biblioteca-vicent-serra-i-orvay\/","address":{"@type":"PostalAddress","streetAddress":"Carrer de la Pla\u00e7a Major, 9","addressLocality":"Sant Jordi de ses Salines","addressRegion":"Illes Balears","postalCode":"07817","addressCountry":"Espa\u00f1a"},"telephone":"","sameAs":""},"performer":"Organization"},"is_virtual":false,"virtual_url":null,"virtual_video_source":""}