{"id":21901,"global_id":"cultura.santjosep.org\/es\/?id=21901","global_id_lineage":["cultura.santjosep.org\/es\/?id=21901"],"author":"1","status":"publish","date":"2024-04-05 09:39:31","date_utc":"2024-04-05 07:39:31","modified":"2024-04-05 09:40:34","modified_utc":"2024-04-05 07:40:34","url":"https:\/\/cultura.santjosep.org\/es\/agenda\/taller-de-medi-ambient-coneixes-a-demeter-i-a-dhor-el-fill-de-thor\/","rest_url":"https:\/\/cultura.santjosep.org\/es\/wp-json\/tribe\/events\/v1\/events\/21901","title":"Taller de medi ambient &#8211; Coneixes a Dem\u00e8ter i a Dhor, el fill de Thor?","description":"<p>Dimarts 16, 17.30h: Taller de medi ambient\u00a0<b data-stringify-type=\"bold\"><i data-stringify-type=\"italic\">Coneixes a Dem\u00e8ter i a Dhor, el fill de Thor?<\/i><\/b>\u00a0Per a infants a partir de 3 anys (s\u2019admet 1 adult acompanyant per fam\u00edlia). Les places s\u00f3n limitades i cal inscripci\u00f3 al WhatsApp 971800416.<\/p>\n<p><img loading=\"lazy\" decoding=\"async\" class=\"alignnone size-full wp-image-21897\" src=\"https:\/\/cultura.santjosep.org\/wp-content\/uploads\/2024\/04\/Taller-deducacio\u0301-ambiental.png\" alt=\"\" width=\"1080\" height=\"1080\" srcset=\"https:\/\/cultura.santjosep.org\/wp-content\/uploads\/2024\/04\/Taller-deducacio\u0301-ambiental.png 1080w, https:\/\/cultura.santjosep.org\/wp-content\/uploads\/2024\/04\/Taller-deducacio\u0301-ambiental-300x300.png 300w, https:\/\/cultura.santjosep.org\/wp-content\/uploads\/2024\/04\/Taller-deducacio\u0301-ambiental-1024x1024.png 1024w, https:\/\/cultura.santjosep.org\/wp-content\/uploads\/2024\/04\/Taller-deducacio\u0301-ambiental-150x150.png 150w, https:\/\/cultura.santjosep.org\/wp-content\/uploads\/2024\/04\/Taller-deducacio\u0301-ambiental-768x768.png 768w\" sizes=\"auto, (max-width: 1080px) 100vw, 1080px\" \/><\/p>","excerpt":"","slug":"taller-de-medi-ambient-coneixes-a-demeter-i-a-dhor-el-fill-de-thor","image":{"url":"https:\/\/cultura.santjosep.org\/wp-content\/uploads\/2024\/04\/shutterstock_1827664136.jpg","id":21896,"extension":"jpg","width":1200,"height":800,"sizes":{"medium":{"width":300,"height":200,"mime-type":"image\/jpeg","url":"https:\/\/cultura.santjosep.org\/wp-content\/uploads\/2024\/04\/shutterstock_1827664136-300x200.jpg"},"large":{"width":1024,"height":683,"mime-type":"image\/jpeg","url":"https:\/\/cultura.santjosep.org\/wp-content\/uploads\/2024\/04\/shutterstock_1827664136-1024x683.jpg"},"thumbnail":{"width":150,"height":150,"mime-type":"image\/jpeg","url":"https:\/\/cultura.santjosep.org\/wp-content\/uploads\/2024\/04\/shutterstock_1827664136-150x150.jpg"},"medium_large":{"width":768,"height":512,"mime-type":"image\/jpeg","url":"https:\/\/cultura.santjosep.org\/wp-content\/uploads\/2024\/04\/shutterstock_1827664136-768x512.jpg"},"cmplz_banner_image":{"width":350,"height":100,"mime-type":"image\/jpeg","url":"https:\/\/cultura.santjosep.org\/wp-content\/uploads\/2024\/04\/shutterstock_1827664136-350x100.jpg"}}},"all_day":false,"start_date":"2024-04-16 17:30:00","start_date_details":{"year":"2024","month":"04","day":"16","hour":"17","minutes":"30","seconds":"00"},"end_date":"2024-04-16 17:30:00","end_date_details":{"year":"2024","month":"04","day":"16","hour":"17","minutes":"30","seconds":"00"},"utc_start_date":"2024-04-16 15:30:00","utc_start_date_details":{"year":"2024","month":"04","day":"16","hour":"15","minutes":"30","seconds":"00"},"utc_end_date":"2024-04-16 15:30:00","utc_end_date_details":{"year":"2024","month":"04","day":"16","hour":"15","minutes":"30","seconds":"00"},"timezone":"Europe\/Madrid","timezone_abbr":"CEST","cost":"","cost_details":{"currency_symbol":"","currency_code":"","currency_position":"suffix","values":[]},"website":"","show_map":true,"show_map_link":true,"hide_from_listings":false,"sticky":false,"featured":false,"categories":[{"name":"Talleres","slug":"talleres","term_group":0,"term_taxonomy_id":34,"taxonomy":"tribe_events_cat","description":"","parent":0,"count":255,"filter":"raw","id":34,"urls":{"self":"https:\/\/cultura.santjosep.org\/es\/wp-json\/tribe\/events\/v1\/categories\/34","collection":"https:\/\/cultura.santjosep.org\/es\/wp-json\/tribe\/events\/v1\/categories"}}],"tags":[],"venue":{"id":4984,"author":"1","status":"publish","date":"2021-01-07 13:43:25","date_utc":"2021-01-07 12:43:25","modified":"2021-01-07 13:43:25","modified_utc":"2021-01-07 12:43:25","url":"https:\/\/cultura.santjosep.org\/local\/biblioteca-de-sant-josep\/","venue":"Biblioteca de Sant Josep","slug":"biblioteca-de-sant-josep","city":"Sant Josep de Sa Talaia","country":"Espa\u00f1a","json_ld":{"@type":"Place","name":"Biblioteca de Sant Josep","description":"","url":"https:\/\/cultura.santjosep.org\/local\/biblioteca-de-sant-josep\/","address":{"@type":"PostalAddress","addressLocality":"Sant Josep de Sa Talaia","addressCountry":"Espa\u00f1a"},"telephone":"","sameAs":""},"show_map":true,"show_map_link":true,"global_id":"cultura.santjosep.org\/es\/?id=4984","global_id_lineage":["cultura.santjosep.org\/es\/?id=4984"]},"organizer":[],"custom_fields":[],"json_ld":{"@context":"http:\/\/schema.org","@type":"Event","name":"Taller de medi ambient &#8211; Coneixes a Dem\u00e8ter i a Dhor, el fill de Thor?","description":"&lt;p&gt;Dimarts 16, 17.30h: Taller de medi ambient\u00a0Coneixes a Dem\u00e8ter i a Dhor, el fill de Thor?\u00a0Per a infants a partir de 3 anys (s\u2019admet 1 adult acompanyant per fam\u00edlia). Les &hellip; &lt;\/p&gt;\\n&lt;p class=&quot;link-more&quot;&gt;&lt;a href=&quot;https:\/\/cultura.santjosep.org\/es\/agenda\/taller-de-medi-ambient-coneixes-a-demeter-i-a-dhor-el-fill-de-thor\/&quot; class=&quot;more-link&quot;&gt;Seguir leyendo&lt;span class=&quot;screen-reader-text&quot;&gt; \u00abTaller de medi ambient &#8211; Coneixes a Dem\u00e8ter i a Dhor, el fill de Thor?\u00bb&lt;\/span&gt;&lt;\/a&gt;&lt;\/p&gt;\\n","image":"https:\/\/cultura.santjosep.org\/wp-content\/uploads\/2024\/04\/shutterstock_1827664136.jpg","url":"https:\/\/cultura.santjosep.org\/es\/agenda\/taller-de-medi-ambient-coneixes-a-demeter-i-a-dhor-el-fill-de-thor\/","eventAttendanceMode":"https:\/\/schema.org\/OfflineEventAttendanceMode","eventStatus":"https:\/\/schema.org\/EventScheduled","startDate":"2024-04-16T17:30:00+02:00","endDate":"2024-04-16T17:30:00+02:00","location":{"@type":"Place","name":"Biblioteca de Sant Josep","description":"","url":"https:\/\/cultura.santjosep.org\/local\/biblioteca-de-sant-josep\/","address":{"@type":"PostalAddress","addressLocality":"Sant Josep de Sa Talaia","addressCountry":"Espa\u00f1a"},"telephone":"","sameAs":""},"performer":"Organization"},"is_virtual":false,"virtual_url":null,"virtual_video_source":""}