{"id":21944,"global_id":"cultura.santjosep.org\/es\/?id=21944","global_id_lineage":["cultura.santjosep.org\/es\/?id=21944"],"author":"1","status":"publish","date":"2024-04-05 10:35:17","date_utc":"2024-04-05 08:35:17","modified":"2024-04-05 10:36:04","modified_utc":"2024-04-05 08:36:04","url":"https:\/\/cultura.santjosep.org\/es\/agenda\/mercat-de-sant-josep-dies-europeus-de-lartesania\/","rest_url":"https:\/\/cultura.santjosep.org\/es\/wp-json\/tribe\/events\/v1\/events\/21944","title":"Mercat de Sant Josep &#8211; &#8216;Dies Europeus de l\u2019Artesania&#8217;","description":"<p>Mercat Ecol\u00f2gic, local i d\u2019Artesania d\u2019Eivissa que se celebrar\u00e0 dissabte que ve 6 d\u2019abril a Sant Josep, davant del Consistori, amb motiu de la commemoraci\u00f3 dels Dies Europeus de l\u2019Artesania.<\/p>\n<p>El mercat obrir\u00e0 a les 10.30 hores del mat\u00ed i romandr\u00e0 obert fins a les 18 hores. Comptar\u00e0 amb un total de 39 artesans distribu\u00efts en 200 metres quadrats de fira. A les 11 hores tindr\u00e0 lloc la inauguraci\u00f3 amb ball pag\u00e8s a c\u00e0rrec de la Colla de Sant Josep. De 12 a 14 hores hi haur\u00e0 un taller gratu\u00eft de mini agulles de pit amb Yolanda Costa i de 16 a 18 hores hi haur\u00e0 un taller d\u2019aquarel\u00b7la amb Margarita Juan.<\/p>\n<p><img loading=\"lazy\" decoding=\"async\" class=\"alignnone size-full wp-image-21939\" src=\"https:\/\/cultura.santjosep.org\/wp-content\/uploads\/2024\/04\/2785385.jpg\" alt=\"\" width=\"1450\" height=\"2048\" srcset=\"https:\/\/cultura.santjosep.org\/wp-content\/uploads\/2024\/04\/2785385.jpg 1450w, https:\/\/cultura.santjosep.org\/wp-content\/uploads\/2024\/04\/2785385-212x300.jpg 212w, https:\/\/cultura.santjosep.org\/wp-content\/uploads\/2024\/04\/2785385-725x1024.jpg 725w, https:\/\/cultura.santjosep.org\/wp-content\/uploads\/2024\/04\/2785385-768x1085.jpg 768w, https:\/\/cultura.santjosep.org\/wp-content\/uploads\/2024\/04\/2785385-1088x1536.jpg 1088w, https:\/\/cultura.santjosep.org\/wp-content\/uploads\/2024\/04\/2785385-1320x1864.jpg 1320w\" sizes=\"auto, (max-width: 1450px) 100vw, 1450px\" \/><\/p>","excerpt":"","slug":"mercat-de-sant-josep-dies-europeus-de-lartesania","image":{"url":"https:\/\/cultura.santjosep.org\/wp-content\/uploads\/2024\/04\/DSC01859.jpg","id":21942,"extension":"jpg","width":1500,"height":1500,"sizes":{"medium":{"width":300,"height":300,"mime-type":"image\/jpeg","url":"https:\/\/cultura.santjosep.org\/wp-content\/uploads\/2024\/04\/DSC01859-300x300.jpg"},"large":{"width":1024,"height":1024,"mime-type":"image\/jpeg","url":"https:\/\/cultura.santjosep.org\/wp-content\/uploads\/2024\/04\/DSC01859-1024x1024.jpg"},"thumbnail":{"width":150,"height":150,"mime-type":"image\/jpeg","url":"https:\/\/cultura.santjosep.org\/wp-content\/uploads\/2024\/04\/DSC01859-150x150.jpg"},"medium_large":{"width":768,"height":768,"mime-type":"image\/jpeg","url":"https:\/\/cultura.santjosep.org\/wp-content\/uploads\/2024\/04\/DSC01859-768x768.jpg"},"mailpoet_newsletter_max":{"width":1320,"height":1320,"mime-type":"image\/jpeg","url":"https:\/\/cultura.santjosep.org\/wp-content\/uploads\/2024\/04\/DSC01859-1320x1320.jpg"},"cmplz_banner_image":{"width":350,"height":100,"mime-type":"image\/jpeg","url":"https:\/\/cultura.santjosep.org\/wp-content\/uploads\/2024\/04\/DSC01859-350x100.jpg"}}},"all_day":false,"start_date":"2024-04-06 10:00:00","start_date_details":{"year":"2024","month":"04","day":"06","hour":"10","minutes":"00","seconds":"00"},"end_date":"2024-04-06 18:00:00","end_date_details":{"year":"2024","month":"04","day":"06","hour":"18","minutes":"00","seconds":"00"},"utc_start_date":"2024-04-06 08:00:00","utc_start_date_details":{"year":"2024","month":"04","day":"06","hour":"08","minutes":"00","seconds":"00"},"utc_end_date":"2024-04-06 16:00:00","utc_end_date_details":{"year":"2024","month":"04","day":"06","hour":"16","minutes":"00","seconds":"00"},"timezone":"Europe\/Madrid","timezone_abbr":"CEST","cost":"","cost_details":{"currency_symbol":"","currency_code":"","currency_position":"suffix","values":[]},"website":"","show_map":true,"show_map_link":true,"hide_from_listings":false,"sticky":false,"featured":false,"categories":[{"name":"Sant Josep","slug":"sant-josep-pueblo","term_group":0,"term_taxonomy_id":60,"taxonomy":"tribe_events_cat","description":"","parent":70,"count":24,"filter":"raw","id":60,"urls":{"self":"https:\/\/cultura.santjosep.org\/es\/wp-json\/tribe\/events\/v1\/categories\/60","collection":"https:\/\/cultura.santjosep.org\/es\/wp-json\/tribe\/events\/v1\/categories","up":"https:\/\/cultura.santjosep.org\/es\/wp-json\/tribe\/events\/v1\/categories\/70"}}],"tags":[],"venue":{"id":10440,"author":"1","status":"publish","date":"2022-01-27 16:13:55","date_utc":"2022-01-27 15:13:55","modified":"2022-01-27 16:13:55","modified_utc":"2022-01-27 15:13:55","url":"https:\/\/cultura.santjosep.org\/local\/ajuntament-de-sant-josep-de-sa-talaia\/","venue":"Ajuntament de Sant Josep de sa Talaia","slug":"ajuntament-de-sant-josep-de-sa-talaia","address":"Carrer de Pere Escanellas, s\/n","city":"Sant Josep de Sa Talaia","country":"Espa\u00f1a","province":"Illes Balears","zip":"07830","stateprovince":"Illes Balears","json_ld":{"@type":"Place","name":"Ajuntament de Sant Josep de sa Talaia","description":"","url":"https:\/\/cultura.santjosep.org\/local\/ajuntament-de-sant-josep-de-sa-talaia\/","address":{"@type":"PostalAddress","streetAddress":"Carrer de Pere Escanellas, s\/n","addressLocality":"Sant Josep de Sa Talaia","addressRegion":"Illes Balears","postalCode":"07830","addressCountry":"Espa\u00f1a"},"telephone":"","sameAs":""},"show_map":true,"show_map_link":true,"global_id":"cultura.santjosep.org\/es\/?id=10440","global_id_lineage":["cultura.santjosep.org\/es\/?id=10440"]},"organizer":[],"custom_fields":[],"json_ld":{"@context":"http:\/\/schema.org","@type":"Event","name":"Mercat de Sant Josep &#8211; &#8216;Dies Europeus de l\u2019Artesania&#8217;","description":"&lt;p&gt;Mercat Ecol\u00f2gic, local i d\u2019Artesania d\u2019Eivissa que se celebrar\u00e0 dissabte que ve 6 d\u2019abril a Sant Josep, davant del Consistori, amb motiu de la commemoraci\u00f3 dels Dies Europeus de l\u2019Artesania. &hellip; &lt;\/p&gt;\\n&lt;p class=&quot;link-more&quot;&gt;&lt;a href=&quot;https:\/\/cultura.santjosep.org\/es\/agenda\/mercat-de-sant-josep-dies-europeus-de-lartesania\/&quot; class=&quot;more-link&quot;&gt;Seguir leyendo&lt;span class=&quot;screen-reader-text&quot;&gt; \u00abMercat de Sant Josep &#8211; &#8216;Dies Europeus de l\u2019Artesania&#8217;\u00bb&lt;\/span&gt;&lt;\/a&gt;&lt;\/p&gt;\\n","image":"https:\/\/cultura.santjosep.org\/wp-content\/uploads\/2024\/04\/DSC01859.jpg","url":"https:\/\/cultura.santjosep.org\/es\/agenda\/mercat-de-sant-josep-dies-europeus-de-lartesania\/","eventAttendanceMode":"https:\/\/schema.org\/OfflineEventAttendanceMode","eventStatus":"https:\/\/schema.org\/EventScheduled","startDate":"2024-04-06T10:00:00+02:00","endDate":"2024-04-06T18:00:00+02:00","location":{"@type":"Place","name":"Ajuntament de Sant Josep de sa Talaia","description":"","url":"https:\/\/cultura.santjosep.org\/local\/ajuntament-de-sant-josep-de-sa-talaia\/","address":{"@type":"PostalAddress","streetAddress":"Carrer de Pere Escanellas, s\/n","addressLocality":"Sant Josep de Sa Talaia","addressRegion":"Illes Balears","postalCode":"07830","addressCountry":"Espa\u00f1a"},"telephone":"","sameAs":""},"performer":"Organization"},"is_virtual":false,"virtual_url":null,"virtual_video_source":""}