{"id":21977,"global_id":"cultura.santjosep.org\/es\/?id=21977","global_id_lineage":["cultura.santjosep.org\/es\/?id=21977"],"author":"1","status":"publish","date":"2024-04-09 11:37:07","date_utc":"2024-04-09 09:37:07","modified":"2024-04-09 11:37:07","modified_utc":"2024-04-09 09:37:07","url":"https:\/\/cultura.santjosep.org\/es\/agenda\/vi-concurs-fotografic-associacio-de-majors-de-sant-agusti\/","rest_url":"https:\/\/cultura.santjosep.org\/es\/wp-json\/tribe\/events\/v1\/events\/21977","title":"VI Concurs fotogr\u00e0fic &#8211; Associaci\u00f3 de majors de Sant Agust\u00ed","description":"<p><strong>VI Concurs fotogr\u00e0fic &#8211; Associaci\u00f3 de majors de Sant Agust\u00ed<\/strong><\/p>\n<p><strong>Horari: <\/strong>divendres, dissabtes, diumenges i festius de 19.00 h a 21.30 h<\/p>\n<p><img loading=\"lazy\" decoding=\"async\" class=\"alignnone size-full wp-image-21972\" src=\"https:\/\/cultura.santjosep.org\/wp-content\/uploads\/2024\/04\/WhatsApp-Image-2024-04-08-at-21.27.39-1.jpeg\" alt=\"\" width=\"1600\" height=\"1142\" srcset=\"https:\/\/cultura.santjosep.org\/wp-content\/uploads\/2024\/04\/WhatsApp-Image-2024-04-08-at-21.27.39-1.jpeg 1600w, https:\/\/cultura.santjosep.org\/wp-content\/uploads\/2024\/04\/WhatsApp-Image-2024-04-08-at-21.27.39-1-300x214.jpeg 300w, https:\/\/cultura.santjosep.org\/wp-content\/uploads\/2024\/04\/WhatsApp-Image-2024-04-08-at-21.27.39-1-1024x731.jpeg 1024w, https:\/\/cultura.santjosep.org\/wp-content\/uploads\/2024\/04\/WhatsApp-Image-2024-04-08-at-21.27.39-1-768x548.jpeg 768w, https:\/\/cultura.santjosep.org\/wp-content\/uploads\/2024\/04\/WhatsApp-Image-2024-04-08-at-21.27.39-1-1536x1096.jpeg 1536w, https:\/\/cultura.santjosep.org\/wp-content\/uploads\/2024\/04\/WhatsApp-Image-2024-04-08-at-21.27.39-1-1568x1119.jpeg 1568w, https:\/\/cultura.santjosep.org\/wp-content\/uploads\/2024\/04\/WhatsApp-Image-2024-04-08-at-21.27.39-1-1320x942.jpeg 1320w\" sizes=\"auto, (max-width: 1600px) 100vw, 1600px\" \/><\/p>","excerpt":"","slug":"vi-concurs-fotografic-associacio-de-majors-de-sant-agusti","image":{"url":"https:\/\/cultura.santjosep.org\/wp-content\/uploads\/2024\/04\/nordwood-themes-F3Dde_9thd8-unsplash.jpg","id":21975,"extension":"jpg","width":1920,"height":1280,"sizes":{"medium":{"width":300,"height":200,"mime-type":"image\/jpeg","url":"https:\/\/cultura.santjosep.org\/wp-content\/uploads\/2024\/04\/nordwood-themes-F3Dde_9thd8-unsplash-300x200.jpg"},"large":{"width":1024,"height":683,"mime-type":"image\/jpeg","url":"https:\/\/cultura.santjosep.org\/wp-content\/uploads\/2024\/04\/nordwood-themes-F3Dde_9thd8-unsplash-1024x683.jpg"},"thumbnail":{"width":150,"height":150,"mime-type":"image\/jpeg","url":"https:\/\/cultura.santjosep.org\/wp-content\/uploads\/2024\/04\/nordwood-themes-F3Dde_9thd8-unsplash-150x150.jpg"},"medium_large":{"width":768,"height":512,"mime-type":"image\/jpeg","url":"https:\/\/cultura.santjosep.org\/wp-content\/uploads\/2024\/04\/nordwood-themes-F3Dde_9thd8-unsplash-768x512.jpg"},"1536x1536":{"width":1536,"height":1024,"mime-type":"image\/jpeg","url":"https:\/\/cultura.santjosep.org\/wp-content\/uploads\/2024\/04\/nordwood-themes-F3Dde_9thd8-unsplash-1536x1024.jpg"},"post-thumbnail":{"width":1568,"height":1045,"mime-type":"image\/jpeg","url":"https:\/\/cultura.santjosep.org\/wp-content\/uploads\/2024\/04\/nordwood-themes-F3Dde_9thd8-unsplash-1568x1045.jpg"},"mailpoet_newsletter_max":{"width":1320,"height":880,"mime-type":"image\/jpeg","url":"https:\/\/cultura.santjosep.org\/wp-content\/uploads\/2024\/04\/nordwood-themes-F3Dde_9thd8-unsplash-1320x880.jpg"},"cmplz_banner_image":{"width":350,"height":100,"mime-type":"image\/jpeg","url":"https:\/\/cultura.santjosep.org\/wp-content\/uploads\/2024\/04\/nordwood-themes-F3Dde_9thd8-unsplash-350x100.jpg"}}},"all_day":false,"start_date":"2024-04-27 19:00:00","start_date_details":{"year":"2024","month":"04","day":"27","hour":"19","minutes":"00","seconds":"00"},"end_date":"2024-05-14 21:30:00","end_date_details":{"year":"2024","month":"05","day":"14","hour":"21","minutes":"30","seconds":"00"},"utc_start_date":"2024-04-27 17:00:00","utc_start_date_details":{"year":"2024","month":"04","day":"27","hour":"17","minutes":"00","seconds":"00"},"utc_end_date":"2024-05-14 19:30:00","utc_end_date_details":{"year":"2024","month":"05","day":"14","hour":"19","minutes":"30","seconds":"00"},"timezone":"Europe\/Madrid","timezone_abbr":"CEST","cost":"","cost_details":{"currency_symbol":"","currency_code":"","currency_position":"suffix","values":[]},"website":"","show_map":true,"show_map_link":true,"hide_from_listings":false,"sticky":false,"featured":false,"categories":[{"name":"Exposiciones","slug":"exposiciones","term_group":0,"term_taxonomy_id":33,"taxonomy":"tribe_events_cat","description":"","parent":0,"count":94,"filter":"raw","id":33,"urls":{"self":"https:\/\/cultura.santjosep.org\/es\/wp-json\/tribe\/events\/v1\/categories\/33","collection":"https:\/\/cultura.santjosep.org\/es\/wp-json\/tribe\/events\/v1\/categories"}}],"tags":[],"venue":{"id":2654,"author":"1","status":"publish","date":"2020-10-28 08:32:44","date_utc":"2020-10-28 07:32:44","modified":"2020-10-28 08:49:00","modified_utc":"2020-10-28 07:49:00","url":"https:\/\/cultura.santjosep.org\/es\/local\/sala-de-exposiciones-de-can-curt\/","venue":"Sala de exposiciones de Can Curt","description":"<p><img loading=\"lazy\" decoding=\"async\" class=\"alignnone wp-image-2655 size-full\" src=\"https:\/\/cultura.santjosep.org\/wp-content\/uploads\/2020\/10\/cancurt_IMG_2597.jpg\" alt=\"\" width=\"800\" height=\"533\" srcset=\"https:\/\/cultura.santjosep.org\/wp-content\/uploads\/2020\/10\/cancurt_IMG_2597.jpg 800w, https:\/\/cultura.santjosep.org\/wp-content\/uploads\/2020\/10\/cancurt_IMG_2597-300x200.jpg 300w, https:\/\/cultura.santjosep.org\/wp-content\/uploads\/2020\/10\/cancurt_IMG_2597-768x512.jpg 768w, https:\/\/cultura.santjosep.org\/wp-content\/uploads\/2020\/10\/cancurt_IMG_2597-450x300.jpg 450w\" sizes=\"auto, (max-width: 800px) 100vw, 800px\" \/><\/p>","slug":"sala-de-exposiciones-de-can-curt","image":{"url":"https:\/\/cultura.santjosep.org\/wp-content\/uploads\/2020\/10\/logocancurt.png","id":2669,"extension":"png","width":1180,"height":411,"sizes":{"medium":{"width":300,"height":104,"mime-type":"image\/png","url":"https:\/\/cultura.santjosep.org\/wp-content\/uploads\/2020\/10\/logocancurt-300x104.png"},"large":{"width":1024,"height":357,"mime-type":"image\/png","url":"https:\/\/cultura.santjosep.org\/wp-content\/uploads\/2020\/10\/logocancurt-1024x357.png"},"thumbnail":{"width":150,"height":150,"mime-type":"image\/png","url":"https:\/\/cultura.santjosep.org\/wp-content\/uploads\/2020\/10\/logocancurt-150x150.png"},"medium_large":{"width":768,"height":267,"mime-type":"image\/png","url":"https:\/\/cultura.santjosep.org\/wp-content\/uploads\/2020\/10\/logocancurt-768x267.png"},"woocommerce_thumbnail":{"width":300,"height":300,"mime-type":"image\/png","url":"https:\/\/cultura.santjosep.org\/wp-content\/uploads\/2020\/10\/logocancurt-300x300.png"},"woocommerce_single":{"width":450,"height":157,"mime-type":"image\/png","url":"https:\/\/cultura.santjosep.org\/wp-content\/uploads\/2020\/10\/logocancurt-450x157.png"},"woocommerce_gallery_thumbnail":{"width":100,"height":100,"mime-type":"image\/png","url":"https:\/\/cultura.santjosep.org\/wp-content\/uploads\/2020\/10\/logocancurt-100x100.png"},"shop_catalog":{"width":300,"height":300,"mime-type":"image\/png","url":"https:\/\/cultura.santjosep.org\/wp-content\/uploads\/2020\/10\/logocancurt-300x300.png"},"shop_single":{"width":450,"height":157,"mime-type":"image\/png","url":"https:\/\/cultura.santjosep.org\/wp-content\/uploads\/2020\/10\/logocancurt-450x157.png"},"shop_thumbnail":{"width":100,"height":100,"mime-type":"image\/png","url":"https:\/\/cultura.santjosep.org\/wp-content\/uploads\/2020\/10\/logocancurt-100x100.png"}}},"address":"Pla\u00e7a de la esgl\u00e9sia","city":"Sant Agust\u00ed des Vedr\u00e0","province":"Illes Balears","zip":"07829","stateprovince":"Illes Balears","geo_lat":38.94128599999999806868800078518688678741455078125,"geo_lng":1.2937665000000000414814849136746488511562347412109375,"json_ld":{"@type":"Place","name":"Sala de exposiciones de Can Curt","description":"","image":"https:\/\/cultura.santjosep.org\/wp-content\/uploads\/2020\/10\/logocancurt.png","url":"https:\/\/cultura.santjosep.org\/es\/local\/sala-de-exposiciones-de-can-curt\/","address":{"@type":"PostalAddress","streetAddress":"Pla\u00e7a de la esgl\u00e9sia","addressLocality":"Sant Agust\u00ed des Vedr\u00e0","addressRegion":"Illes Balears","postalCode":"07829"},"geo":{"@type":"GeoCoordinates","latitude":38.94128599999999806868800078518688678741455078125,"longitude":1.2937665000000000414814849136746488511562347412109375},"telephone":"","sameAs":""},"show_map":true,"show_map_link":true,"global_id":"cultura.santjosep.org\/es\/?id=2654","global_id_lineage":["cultura.santjosep.org\/es\/?id=2654"]},"organizer":[],"custom_fields":[],"json_ld":{"@context":"http:\/\/schema.org","@type":"Event","name":"VI Concurs fotogr\u00e0fic &#8211; Associaci\u00f3 de majors de Sant Agust\u00ed","description":"&lt;p&gt;VI Concurs fotogr\u00e0fic - Associaci\u00f3 de majors de Sant Agust\u00ed Horari: divendres, dissabtes, diumenges i festius de 19.00 h a 21.30 h&lt;\/p&gt;\\n","image":"https:\/\/cultura.santjosep.org\/wp-content\/uploads\/2024\/04\/nordwood-themes-F3Dde_9thd8-unsplash.jpg","url":"https:\/\/cultura.santjosep.org\/es\/agenda\/vi-concurs-fotografic-associacio-de-majors-de-sant-agusti\/","eventAttendanceMode":"https:\/\/schema.org\/OfflineEventAttendanceMode","eventStatus":"https:\/\/schema.org\/EventScheduled","startDate":"2024-04-27T19:00:00+02:00","endDate":"2024-05-14T21:30:00+02:00","location":{"@type":"Place","name":"Sala de exposiciones de Can Curt","description":"","image":"https:\/\/cultura.santjosep.org\/wp-content\/uploads\/2020\/10\/logocancurt.png","url":"https:\/\/cultura.santjosep.org\/es\/local\/sala-de-exposiciones-de-can-curt\/","address":{"@type":"PostalAddress","streetAddress":"Pla\u00e7a de la esgl\u00e9sia","addressLocality":"Sant Agust\u00ed des Vedr\u00e0","addressRegion":"Illes Balears","postalCode":"07829"},"geo":{"@type":"GeoCoordinates","latitude":38.94128599999999806868800078518688678741455078125,"longitude":1.2937665000000000414814849136746488511562347412109375},"telephone":"","sameAs":""},"performer":"Organization"},"is_virtual":false,"virtual_url":null,"virtual_video_source":""}