{"id":22854,"global_id":"cultura.santjosep.org\/es\/?id=22854","global_id_lineage":["cultura.santjosep.org\/es\/?id=22854"],"author":"1","status":"publish","date":"2024-07-03 13:36:46","date_utc":"2024-07-03 11:36:46","modified":"2024-07-03 13:36:46","modified_utc":"2024-07-03 11:36:46","url":"https:\/\/cultura.santjosep.org\/es\/agenda\/festival-air-mecal-de-curtmetratges-comedia-2-2024\/","rest_url":"https:\/\/cultura.santjosep.org\/es\/wp-json\/tribe\/events\/v1\/events\/22854","title":"Festival Air Mecal de Curtmetratges &#8211; &#8216;Com\u00e8dia 2&#8217;","description":"<p><strong>Festival Air Mecal de Curtmetratges &#8211; &#8216;Com\u00e8dia 2&#8217;<\/strong><br \/>\n<strong>Tem\u00e0tica:<\/strong> Com\u00e8dia 2<br \/>\n<strong>Lloc:<\/strong> Parc infantil de Sant Agust\u00ed<\/p>\n<p><img loading=\"lazy\" decoding=\"async\" class=\"alignnone size-full wp-image-18992\" src=\"https:\/\/cultura.santjosep.org\/wp-content\/uploads\/2024\/07\/air-mecal-2024.jpg\" alt=\"\" width=\"1754\" height=\"2481\" \/><\/p>","excerpt":"","slug":"festival-air-mecal-de-curtmetratges-comedia-2-2024","image":{"url":"https:\/\/cultura.santjosep.org\/wp-content\/uploads\/2023\/07\/Air-Ibiza-Proyeccio\u0301n.jpg","id":18959,"extension":"jpg","width":1600,"height":1069,"sizes":{"medium":{"width":300,"height":200,"mime-type":"image\/jpeg","url":"https:\/\/cultura.santjosep.org\/wp-content\/uploads\/2023\/07\/Air-Ibiza-Proyeccio\u0301n-300x200.jpg"},"large":{"width":1024,"height":684,"mime-type":"image\/jpeg","url":"https:\/\/cultura.santjosep.org\/wp-content\/uploads\/2023\/07\/Air-Ibiza-Proyeccio\u0301n-1024x684.jpg"},"thumbnail":{"width":150,"height":150,"mime-type":"image\/jpeg","url":"https:\/\/cultura.santjosep.org\/wp-content\/uploads\/2023\/07\/Air-Ibiza-Proyeccio\u0301n-150x150.jpg"},"medium_large":{"width":768,"height":513,"mime-type":"image\/jpeg","url":"https:\/\/cultura.santjosep.org\/wp-content\/uploads\/2023\/07\/Air-Ibiza-Proyeccio\u0301n-768x513.jpg"},"1536x1536":{"width":1536,"height":1026,"mime-type":"image\/jpeg","url":"https:\/\/cultura.santjosep.org\/wp-content\/uploads\/2023\/07\/Air-Ibiza-Proyeccio\u0301n-1536x1026.jpg"},"post-thumbnail":{"width":1568,"height":1048,"mime-type":"image\/jpeg","url":"https:\/\/cultura.santjosep.org\/wp-content\/uploads\/2023\/07\/Air-Ibiza-Proyeccio\u0301n-1568x1048.jpg"},"mailpoet_newsletter_max":{"width":1320,"height":882,"mime-type":"image\/jpeg","url":"https:\/\/cultura.santjosep.org\/wp-content\/uploads\/2023\/07\/Air-Ibiza-Proyeccio\u0301n-1320x882.jpg"},"cmplz_banner_image":{"width":350,"height":100,"mime-type":"image\/jpeg","url":"https:\/\/cultura.santjosep.org\/wp-content\/uploads\/2023\/07\/Air-Ibiza-Proyeccio\u0301n-350x100.jpg"}}},"all_day":true,"start_date":"2024-08-10 00:00:00","start_date_details":{"year":"2024","month":"08","day":"10","hour":"00","minutes":"00","seconds":"00"},"end_date":"2024-08-10 23:59:59","end_date_details":{"year":"2024","month":"08","day":"10","hour":"23","minutes":"59","seconds":"59"},"utc_start_date":"2024-08-09 22:00:00","utc_start_date_details":{"year":"2024","month":"08","day":"09","hour":"22","minutes":"00","seconds":"00"},"utc_end_date":"2024-08-10 21:59:59","utc_end_date_details":{"year":"2024","month":"08","day":"10","hour":"21","minutes":"59","seconds":"59"},"timezone":"Europe\/Madrid","timezone_abbr":"CEST","cost":"","cost_details":{"currency_symbol":"","currency_code":"","currency_position":"suffix","values":[]},"website":"","show_map":true,"show_map_link":true,"hide_from_listings":false,"sticky":false,"featured":false,"categories":[{"name":"Cine a la fresca","slug":"cine-a-la-fresca-es","term_group":0,"term_taxonomy_id":88,"taxonomy":"tribe_events_cat","description":"","parent":30,"count":74,"filter":"raw","id":88,"urls":{"self":"https:\/\/cultura.santjosep.org\/es\/wp-json\/tribe\/events\/v1\/categories\/88","collection":"https:\/\/cultura.santjosep.org\/es\/wp-json\/tribe\/events\/v1\/categories","up":"https:\/\/cultura.santjosep.org\/es\/wp-json\/tribe\/events\/v1\/categories\/30"}}],"tags":[],"venue":{"id":6979,"author":"1","status":"publish","date":"2021-07-01 11:20:45","date_utc":"2021-07-01 09:20:45","modified":"2021-07-01 11:20:45","modified_utc":"2021-07-01 09:20:45","url":"https:\/\/cultura.santjosep.org\/local\/parc-infantil-de-sant-agusti\/","venue":"Parc Infantil de Sant Agust\u00ed","slug":"parc-infantil-de-sant-agusti","city":"Sant Josep de Sa Talaia","country":"Espa\u00f1a","json_ld":{"@type":"Place","name":"Parc Infantil de Sant Agust\u00ed","description":"","url":"https:\/\/cultura.santjosep.org\/local\/parc-infantil-de-sant-agusti\/","address":{"@type":"PostalAddress","addressLocality":"Sant Josep de Sa Talaia","addressCountry":"Espa\u00f1a"},"telephone":"","sameAs":""},"show_map":true,"show_map_link":true,"global_id":"cultura.santjosep.org\/es\/?id=6979","global_id_lineage":["cultura.santjosep.org\/es\/?id=6979"]},"organizer":[],"custom_fields":[],"json_ld":{"@context":"http:\/\/schema.org","@type":"Event","name":"Festival Air Mecal de Curtmetratges &#8211; &#8216;Com\u00e8dia 2&#8217;","description":"&lt;p&gt;Festival Air Mecal de Curtmetratges - \\'Com\u00e8dia 2\\' Tem\u00e0tica: Com\u00e8dia 2 Lloc: Parc infantil de Sant Agust\u00ed&lt;\/p&gt;\\n","image":"https:\/\/cultura.santjosep.org\/wp-content\/uploads\/2023\/07\/Air-Ibiza-Proyeccio\u0301n.jpg","url":"https:\/\/cultura.santjosep.org\/es\/agenda\/festival-air-mecal-de-curtmetratges-comedia-2-2024\/","eventAttendanceMode":"https:\/\/schema.org\/OfflineEventAttendanceMode","eventStatus":"https:\/\/schema.org\/EventScheduled","startDate":"2024-08-10T00:00:00+02:00","endDate":"2024-08-10T23:59:59+02:00","location":{"@type":"Place","name":"Parc Infantil de Sant Agust\u00ed","description":"","url":"https:\/\/cultura.santjosep.org\/local\/parc-infantil-de-sant-agusti\/","address":{"@type":"PostalAddress","addressLocality":"Sant Josep de Sa Talaia","addressCountry":"Espa\u00f1a"},"telephone":"","sameAs":""},"performer":"Organization"},"is_virtual":false,"virtual_url":null,"virtual_video_source":""}