{"id":23728,"global_id":"cultura.santjosep.org\/es\/?id=23728","global_id_lineage":["cultura.santjosep.org\/es\/?id=23728"],"author":"1","status":"publish","date":"2024-11-29 12:18:42","date_utc":"2024-11-29 11:18:42","modified":"2024-11-29 12:20:23","modified_utc":"2024-11-29 11:20:23","url":"https:\/\/cultura.santjosep.org\/es\/agenda\/exposicio-de-troncs-verds-i-roses-blaves-percepcio-de-la-diferencia\/","rest_url":"https:\/\/cultura.santjosep.org\/es\/wp-json\/tribe\/events\/v1\/events\/23728","title":"Exposici\u00f3 \u00abDe troncs verds i roses blaves. Percepci\u00f3 de la diferencia\u00bb","description":"<div class=\"wpb-content-wrapper\"><p>[vc_row][vc_column][vc_column_text]Exposici\u00f3 \u00abDe troncs verds i roses blaves. Percepci\u00f3 de la diferencia\u00bb, a c\u00e0rrec de Carlos Dan\u00fas, a la sala d&#8217;exposicions de Can Curt (Sant Agust\u00ed des Vedr\u00e0).<\/p>\n<p>Horaris de visita: cada dia fins al 15 de desembre, de 19.00 a 21.00 h.[\/vc_column_text][\/vc_column][\/vc_row]<\/p>\n<\/div>","excerpt":"","slug":"exposicio-de-troncs-verds-i-roses-blaves-percepcio-de-la-diferencia","image":{"url":"https:\/\/cultura.santjosep.org\/wp-content\/uploads\/2024\/11\/IMG_5317.jpg","id":23725,"extension":"jpg","width":1200,"height":1600,"sizes":{"medium":{"width":225,"height":300,"mime-type":"image\/jpeg","url":"https:\/\/cultura.santjosep.org\/wp-content\/uploads\/2024\/11\/IMG_5317-225x300.jpg"},"large":{"width":768,"height":1024,"mime-type":"image\/jpeg","url":"https:\/\/cultura.santjosep.org\/wp-content\/uploads\/2024\/11\/IMG_5317-768x1024.jpg"},"thumbnail":{"width":150,"height":150,"mime-type":"image\/jpeg","url":"https:\/\/cultura.santjosep.org\/wp-content\/uploads\/2024\/11\/IMG_5317-150x150.jpg"},"medium_large":{"width":768,"height":1024,"mime-type":"image\/jpeg","url":"https:\/\/cultura.santjosep.org\/wp-content\/uploads\/2024\/11\/IMG_5317-768x1024.jpg"},"1536x1536":{"width":1152,"height":1536,"mime-type":"image\/jpeg","url":"https:\/\/cultura.santjosep.org\/wp-content\/uploads\/2024\/11\/IMG_5317-1152x1536.jpg"},"cmplz_banner_image":{"width":350,"height":100,"mime-type":"image\/jpeg","url":"https:\/\/cultura.santjosep.org\/wp-content\/uploads\/2024\/11\/IMG_5317-350x100.jpg"}}},"all_day":true,"start_date":"2024-12-06 00:00:00","start_date_details":{"year":"2024","month":"12","day":"06","hour":"00","minutes":"00","seconds":"00"},"end_date":"2024-12-15 23:59:59","end_date_details":{"year":"2024","month":"12","day":"15","hour":"23","minutes":"59","seconds":"59"},"utc_start_date":"2024-12-05 23:00:00","utc_start_date_details":{"year":"2024","month":"12","day":"05","hour":"23","minutes":"00","seconds":"00"},"utc_end_date":"2024-12-15 22:59:59","utc_end_date_details":{"year":"2024","month":"12","day":"15","hour":"22","minutes":"59","seconds":"59"},"timezone":"Europe\/Madrid","timezone_abbr":"CET","cost":"","cost_details":{"currency_symbol":"","currency_code":"","currency_position":"suffix","values":[]},"website":"","show_map":true,"show_map_link":true,"hide_from_listings":false,"sticky":false,"featured":false,"categories":[{"name":"Exposiciones","slug":"exposiciones","term_group":0,"term_taxonomy_id":33,"taxonomy":"tribe_events_cat","description":"","parent":0,"count":94,"filter":"raw","id":33,"urls":{"self":"https:\/\/cultura.santjosep.org\/es\/wp-json\/tribe\/events\/v1\/categories\/33","collection":"https:\/\/cultura.santjosep.org\/es\/wp-json\/tribe\/events\/v1\/categories"}}],"tags":[],"venue":{"id":2654,"author":"1","status":"publish","date":"2020-10-28 08:32:44","date_utc":"2020-10-28 07:32:44","modified":"2020-10-28 08:49:00","modified_utc":"2020-10-28 07:49:00","url":"https:\/\/cultura.santjosep.org\/es\/local\/sala-de-exposiciones-de-can-curt\/","venue":"Sala de exposiciones de Can Curt","description":"<p><img loading=\"lazy\" decoding=\"async\" class=\"alignnone wp-image-2655 size-full\" src=\"https:\/\/cultura.santjosep.org\/wp-content\/uploads\/2020\/10\/cancurt_IMG_2597.jpg\" alt=\"\" width=\"800\" height=\"533\" srcset=\"https:\/\/cultura.santjosep.org\/wp-content\/uploads\/2020\/10\/cancurt_IMG_2597.jpg 800w, https:\/\/cultura.santjosep.org\/wp-content\/uploads\/2020\/10\/cancurt_IMG_2597-300x200.jpg 300w, https:\/\/cultura.santjosep.org\/wp-content\/uploads\/2020\/10\/cancurt_IMG_2597-768x512.jpg 768w, https:\/\/cultura.santjosep.org\/wp-content\/uploads\/2020\/10\/cancurt_IMG_2597-450x300.jpg 450w\" sizes=\"auto, (max-width: 800px) 100vw, 800px\" \/><\/p>","slug":"sala-de-exposiciones-de-can-curt","image":{"url":"https:\/\/cultura.santjosep.org\/wp-content\/uploads\/2020\/10\/logocancurt.png","id":2669,"extension":"png","width":1180,"height":411,"sizes":{"medium":{"width":300,"height":104,"mime-type":"image\/png","url":"https:\/\/cultura.santjosep.org\/wp-content\/uploads\/2020\/10\/logocancurt-300x104.png"},"large":{"width":1024,"height":357,"mime-type":"image\/png","url":"https:\/\/cultura.santjosep.org\/wp-content\/uploads\/2020\/10\/logocancurt-1024x357.png"},"thumbnail":{"width":150,"height":150,"mime-type":"image\/png","url":"https:\/\/cultura.santjosep.org\/wp-content\/uploads\/2020\/10\/logocancurt-150x150.png"},"medium_large":{"width":768,"height":267,"mime-type":"image\/png","url":"https:\/\/cultura.santjosep.org\/wp-content\/uploads\/2020\/10\/logocancurt-768x267.png"},"woocommerce_thumbnail":{"width":300,"height":300,"mime-type":"image\/png","url":"https:\/\/cultura.santjosep.org\/wp-content\/uploads\/2020\/10\/logocancurt-300x300.png"},"woocommerce_single":{"width":450,"height":157,"mime-type":"image\/png","url":"https:\/\/cultura.santjosep.org\/wp-content\/uploads\/2020\/10\/logocancurt-450x157.png"},"woocommerce_gallery_thumbnail":{"width":100,"height":100,"mime-type":"image\/png","url":"https:\/\/cultura.santjosep.org\/wp-content\/uploads\/2020\/10\/logocancurt-100x100.png"},"shop_catalog":{"width":300,"height":300,"mime-type":"image\/png","url":"https:\/\/cultura.santjosep.org\/wp-content\/uploads\/2020\/10\/logocancurt-300x300.png"},"shop_single":{"width":450,"height":157,"mime-type":"image\/png","url":"https:\/\/cultura.santjosep.org\/wp-content\/uploads\/2020\/10\/logocancurt-450x157.png"},"shop_thumbnail":{"width":100,"height":100,"mime-type":"image\/png","url":"https:\/\/cultura.santjosep.org\/wp-content\/uploads\/2020\/10\/logocancurt-100x100.png"}}},"address":"Pla\u00e7a de la esgl\u00e9sia","city":"Sant Agust\u00ed des Vedr\u00e0","province":"Illes Balears","zip":"07829","stateprovince":"Illes Balears","geo_lat":38.94128599999999806868800078518688678741455078125,"geo_lng":1.2937665000000000414814849136746488511562347412109375,"json_ld":{"@type":"Place","name":"Sala de exposiciones de Can Curt","description":"","image":"https:\/\/cultura.santjosep.org\/wp-content\/uploads\/2020\/10\/logocancurt.png","url":"https:\/\/cultura.santjosep.org\/es\/local\/sala-de-exposiciones-de-can-curt\/","address":{"@type":"PostalAddress","streetAddress":"Pla\u00e7a de la esgl\u00e9sia","addressLocality":"Sant Agust\u00ed des Vedr\u00e0","addressRegion":"Illes Balears","postalCode":"07829"},"geo":{"@type":"GeoCoordinates","latitude":38.94128599999999806868800078518688678741455078125,"longitude":1.2937665000000000414814849136746488511562347412109375},"telephone":"","sameAs":""},"show_map":true,"show_map_link":true,"global_id":"cultura.santjosep.org\/es\/?id=2654","global_id_lineage":["cultura.santjosep.org\/es\/?id=2654"]},"organizer":[],"custom_fields":[],"json_ld":{"@context":"http:\/\/schema.org","@type":"Event","name":"Exposici\u00f3 \u00abDe troncs verds i roses blaves. Percepci\u00f3 de la diferencia\u00bb","description":"&lt;p&gt;Exposici\u00f3 &quot;De troncs verds i roses blaves. Percepci\u00f3 de la diferencia&quot;, a c\u00e0rrec de Carlos Dan\u00fas, a la sala d\\'exposicions de Can Curt (Sant Agust\u00ed des Vedr\u00e0). Horaris de visita: &hellip; &lt;\/p&gt;\\n&lt;p class=&quot;link-more&quot;&gt;&lt;a href=&quot;https:\/\/cultura.santjosep.org\/es\/agenda\/exposicio-de-troncs-verds-i-roses-blaves-percepcio-de-la-diferencia\/&quot; class=&quot;more-link&quot;&gt;Seguir leyendo&lt;span class=&quot;screen-reader-text&quot;&gt; \u00abExposici\u00f3 \u00abDe troncs verds i roses blaves. Percepci\u00f3 de la diferencia\u00bb\u00bb&lt;\/span&gt;&lt;\/a&gt;&lt;\/p&gt;\\n","image":"https:\/\/cultura.santjosep.org\/wp-content\/uploads\/2024\/11\/IMG_5317.jpg","url":"https:\/\/cultura.santjosep.org\/es\/agenda\/exposicio-de-troncs-verds-i-roses-blaves-percepcio-de-la-diferencia\/","eventAttendanceMode":"https:\/\/schema.org\/OfflineEventAttendanceMode","eventStatus":"https:\/\/schema.org\/EventScheduled","startDate":"2024-12-06T00:00:00+01:00","endDate":"2024-12-15T23:59:59+01:00","location":{"@type":"Place","name":"Sala de exposiciones de Can Curt","description":"","image":"https:\/\/cultura.santjosep.org\/wp-content\/uploads\/2020\/10\/logocancurt.png","url":"https:\/\/cultura.santjosep.org\/es\/local\/sala-de-exposiciones-de-can-curt\/","address":{"@type":"PostalAddress","streetAddress":"Pla\u00e7a de la esgl\u00e9sia","addressLocality":"Sant Agust\u00ed des Vedr\u00e0","addressRegion":"Illes Balears","postalCode":"07829"},"geo":{"@type":"GeoCoordinates","latitude":38.94128599999999806868800078518688678741455078125,"longitude":1.2937665000000000414814849136746488511562347412109375},"telephone":"","sameAs":""},"performer":"Organization"},"is_virtual":false,"virtual_url":null,"virtual_video_source":""}