{"id":25359,"global_id":"cultura.santjosep.org\/es\/?id=25359","global_id_lineage":["cultura.santjosep.org\/es\/?id=25359"],"author":"1","status":"publish","date":"2025-07-07 16:06:23","date_utc":"2025-07-07 14:06:23","modified":"2025-07-18 09:00:16","modified_utc":"2025-07-18 07:00:16","url":"https:\/\/cultura.santjosep.org\/es\/agenda\/festes-del-carme\/","rest_url":"https:\/\/cultura.santjosep.org\/es\/wp-json\/tribe\/events\/v1\/events\/25359","title":"Festes del Carme","description":"<div class=\"wpb-content-wrapper\"><p>[vc_row][vc_column][vc_column_text css=\u00bb\u00bb]<\/p>\n<p data-start=\"0\" data-end=\"97\"><strong data-start=\"0\" data-end=\"97\">Es Cubells celebra las Fiestas del Carmen con una amplia programaci\u00f3n para todos los p\u00fablicos<\/strong><\/p>\n<p data-start=\"99\" data-end=\"115\"><strong data-start=\"99\" data-end=\"115\">Programaci\u00f3n<\/strong><\/p>\n<p data-start=\"117\" data-end=\"478\">Estas fiestas, tan vinculadas al mar, comenzaron el domingo 6 de julio con un concierto a cargo del Cor des Cubells en la iglesia del pueblo. La celebraci\u00f3n continuar\u00e1 el jueves 10 de julio, con una caminata nocturna con luna llena al Puig d\u2019en Serra, con salida a las 20:00 h desde el polideportivo, ideal para los amantes de la naturaleza.<\/p>\n<p data-start=\"480\" data-end=\"1009\">El s\u00e1bado 12 de julio, la fiesta continuar\u00e1 con un itinerario po\u00e9tico organizado por DesporXades. A las 20:00 h se realizar\u00e1 una primera lectura del recital en el exterior de la Casa de Espiritualidad Santa Teresa, pensada para personas con movilidad reducida que no puedan hacer el recorrido a pie. A las 20:30 h comenzar\u00e1 el itinerario por diversos puntos del pueblo, bajando hasta sa Font del Pare Palau, donde se repetir\u00e1n los poemas. La actividad combina el arte de la palabra con la belleza del paisaje.<\/p>\n<p data-start=\"1011\" data-end=\"1371\">El domingo 13 de julio ser\u00e1 uno de los momentos m\u00e1s esperados, con el Preg\u00f3n de fiestas a las 20:00 h a cargo de Maria Roig Mar\u00ed (Maria de Can Reial), una figura muy querida en el pueblo. Tras el preg\u00f3n, el grupo barcelon\u00e9s Wax &amp; Booguie ofrecer\u00e1 un concierto con ritmos frescos y festivos a partir de las 21:00 h en el espacio de es Tanc\u00f3.<\/p>\n<p data-start=\"1373\" data-end=\"1852\">El mi\u00e9rcoles 16 de julio, coincidiendo con el D\u00eda de la Virgen del Carmen, se celebrar\u00e1 una misa a las 19:00 h, seguida de la procesi\u00f3n tradicional por las calles de Es Cubells, con la participaci\u00f3n activa de los obreros del pueblo. Tras la procesi\u00f3n, el Grupo Folcl\u00f3rico Sant Jordi de ses Salines ofrecer\u00e1 un ball pag\u00e8s para todos los asistentes. A las 21:00 h, el grupo Arredefolk (de Formentera) dar\u00e1 un concierto de m\u00fasica popular en es Tanc\u00f3.<\/p>\n<p data-start=\"1854\" data-end=\"2132\">El viernes 18 de julio estar\u00e1 dedicado a los m\u00e1s peque\u00f1os, con un taller infantil y una gran fiesta Holy organizada por Kairos. A partir de las 19:00 h, el aparcamiento del pueblo se convertir\u00e1 en una fiesta llena de color y diversi\u00f3n, con sand\u00eda para todos.<\/p>\n<p data-start=\"2134\" data-end=\"2769\">El s\u00e1bado 19 de julio ser\u00e1 un d\u00eda repleto de actividades creativas. De 10:00 a 12:00 h se celebrar\u00e1n dos talleres simult\u00e1neos: un taller de arcilla sobre el tema \u201cVida marina\u201d para ni\u00f1os y ni\u00f1as a partir de 7 a\u00f1os, y un taller de pintura sobre cer\u00e1mica para adultos. Las plazas son limitadas y se requiere inscripci\u00f3n previa enviando un correo a: <a class=\"cursor-pointer\" rel=\"noopener\" data-start=\"2503\" data-end=\"2526\">avecescubells@gmail.com<\/a>. Por la noche, a partir de las 21:00 h, se celebrar\u00e1 la 4\u00aa edici\u00f3n del Carmen Rock, una gran fiesta musical con los grupos Soul Doctor, Apotropaico, y un DJ local que continuar\u00e1 con la m\u00fasica hasta bien entrada la madrugada.<\/p>\n<p data-start=\"2771\" data-end=\"3303\" data-is-last-node=\"\" data-is-only-node=\"\">Finalmente, el domingo 20 de julio ser\u00e1 el \u00faltimo d\u00eda de las fiestas, que comenzar\u00e1 con una misa a las 9:00 h, seguida de la procesi\u00f3n tradicional por las calles del pueblo. A las 20:30 h, se clausurar\u00e1 la programaci\u00f3n con una representaci\u00f3n teatral a cargo del Grupo de Teatro J\u00fanior des Cubells, que presentar\u00e1 la obra Sa M\u00e0quina, escrita por Fina Ribas y el grupo de teatro local. La funci\u00f3n, que tendr\u00e1 lugar en es Tanc\u00f3, promete emocionar con una historia cargada de sentimiento y reflexi\u00f3n.<\/p>\n<p>[\/vc_column_text][\/vc_column][\/vc_row]<\/p>\n<\/div>","excerpt":"<p>Es Cubells celebra las Fiestas del Carmen con una amplia programaci\u00f3n para todos los p\u00fablicos<\/p>\n<p>Programaci\u00f3n<\/p>\n<p>Estas fiestas, tan vinculadas al mar, comenzaron el domingo 6 de julio con un concierto a cargo del Cor des Cubells en la iglesia del pueblo. La celebraci\u00f3n continuar\u00e1 el jueves 10 de julio, con una caminata nocturna con luna llena al Puig d\u2019en Serra, con salida a las 20:00 h desde el polideportivo, ideal para los amantes de la naturaleza.<\/p>","slug":"festes-del-carme","image":{"url":"https:\/\/cultura.santjosep.org\/wp-content\/uploads\/2025\/07\/Es-Cubells-Cartell-e1758088222869.jpg","id":25357,"extension":"jpg","width":2250,"height":2250,"filesize":2820273,"sizes":{"medium":{"width":300,"height":300,"mime-type":"image\/jpeg","filesize":25444,"url":"https:\/\/cultura.santjosep.org\/wp-content\/uploads\/2025\/07\/Es-Cubells-Cartell-300x300.jpg"},"large":{"width":1024,"height":1024,"mime-type":"image\/jpeg","filesize":184753,"url":"https:\/\/cultura.santjosep.org\/wp-content\/uploads\/2025\/07\/Es-Cubells-Cartell-1024x1024.jpg"},"thumbnail":{"width":150,"height":150,"mime-type":"image\/jpeg","filesize":7505,"url":"https:\/\/cultura.santjosep.org\/wp-content\/uploads\/2025\/07\/Es-Cubells-Cartell-150x150.jpg"},"medium_large":{"width":768,"height":768,"mime-type":"image\/jpeg","filesize":119262,"url":"https:\/\/cultura.santjosep.org\/wp-content\/uploads\/2025\/07\/Es-Cubells-Cartell-768x768.jpg"},"1536x1536":{"width":1536,"height":1536,"mime-type":"image\/jpeg","filesize":333477,"url":"https:\/\/cultura.santjosep.org\/wp-content\/uploads\/2025\/07\/Es-Cubells-Cartell-1536x1536.jpg"},"2048x2048":{"width":2048,"height":2048,"mime-type":"image\/jpeg","filesize":502793,"url":"https:\/\/cultura.santjosep.org\/wp-content\/uploads\/2025\/07\/Es-Cubells-Cartell-2048x2048.jpg"},"post-thumbnail":{"width":1568,"height":1568,"mime-type":"image\/jpeg","filesize":344188,"url":"https:\/\/cultura.santjosep.org\/wp-content\/uploads\/2025\/07\/Es-Cubells-Cartell-1568x1568.jpg"},"mailpoet_newsletter_max":{"width":1320,"height":1320,"mime-type":"image\/jpeg","filesize":268834,"url":"https:\/\/cultura.santjosep.org\/wp-content\/uploads\/2025\/07\/Es-Cubells-Cartell-1320x1320.jpg"},"cmplz_banner_image":{"width":350,"height":100,"mime-type":"image\/jpeg","filesize":11403,"url":"https:\/\/cultura.santjosep.org\/wp-content\/uploads\/2025\/07\/Es-Cubells-Cartell-350x100.jpg"}}},"all_day":true,"start_date":"2025-07-10 00:00:00","start_date_details":{"year":"2025","month":"07","day":"10","hour":"00","minutes":"00","seconds":"00"},"end_date":"2025-07-19 23:59:59","end_date_details":{"year":"2025","month":"07","day":"19","hour":"23","minutes":"59","seconds":"59"},"utc_start_date":"2025-07-09 22:00:00","utc_start_date_details":{"year":"2025","month":"07","day":"09","hour":"22","minutes":"00","seconds":"00"},"utc_end_date":"2025-07-19 21:59:59","utc_end_date_details":{"year":"2025","month":"07","day":"19","hour":"21","minutes":"59","seconds":"59"},"timezone":"Europe\/Madrid","timezone_abbr":"CEST","cost":"","cost_details":{"currency_symbol":"","currency_code":"","currency_position":"suffix","values":[]},"website":"","show_map":true,"show_map_link":true,"hide_from_listings":false,"sticky":false,"featured":false,"categories":[{"name":"Festes del Carme","slug":"festes-del-carme","term_group":0,"term_taxonomy_id":138,"taxonomy":"tribe_events_cat","description":"","parent":0,"count":20,"filter":"raw","id":138,"urls":{"self":"https:\/\/cultura.santjosep.org\/es\/wp-json\/tribe\/events\/v1\/categories\/138","collection":"https:\/\/cultura.santjosep.org\/es\/wp-json\/tribe\/events\/v1\/categories"}}],"tags":[],"venue":{"id":6632,"author":"1","status":"publish","date":"2021-05-27 12:11:18","date_utc":"2021-05-27 10:11:18","modified":"2021-05-27 12:11:18","modified_utc":"2021-05-27 10:11:18","url":"https:\/\/cultura.santjosep.org\/local\/es-cubells\/","venue":"Es Cubells","slug":"es-cubells","json_ld":{"@type":"Place","name":"Es Cubells","description":"","url":"https:\/\/cultura.santjosep.org\/local\/es-cubells\/","address":{"@type":"PostalAddress"},"telephone":"","sameAs":""},"show_map":true,"show_map_link":true,"global_id":"cultura.santjosep.org\/es\/?id=6632","global_id_lineage":["cultura.santjosep.org\/es\/?id=6632"]},"organizer":[],"custom_fields":[],"json_ld":{"@context":"http:\/\/schema.org","@type":"Event","name":"Festes del Carme","description":"&lt;p&gt;Es Cubells celebra las Fiestas del Carmen con una amplia programaci\u00f3n para todos los p\u00fablicos&lt;\/p&gt;\\n&lt;p&gt;Programaci\u00f3n&lt;\/p&gt;\\n&lt;p&gt;Estas fiestas, tan vinculadas al mar, comenzaron el domingo 6 de julio con un concierto a cargo del Cor des Cubells en la iglesia del pueblo. La celebraci\u00f3n continuar\u00e1 el jueves 10 de julio, con una caminata nocturna con luna llena al Puig d\u2019en Serra, con salida a las 20:00 h desde el polideportivo, ideal para los amantes de la naturaleza.&lt;\/p&gt;\\n","image":"https:\/\/cultura.santjosep.org\/wp-content\/uploads\/2025\/07\/Es-Cubells-Cartell-e1758088222869.jpg","url":"https:\/\/cultura.santjosep.org\/es\/agenda\/festes-del-carme\/","eventAttendanceMode":"https:\/\/schema.org\/OfflineEventAttendanceMode","eventStatus":"https:\/\/schema.org\/EventScheduled","startDate":"2025-07-10T00:00:00+02:00","endDate":"2025-07-19T23:59:59+02:00","location":{"@type":"Place","name":"Es Cubells","description":"","url":"https:\/\/cultura.santjosep.org\/local\/es-cubells\/","address":{"@type":"PostalAddress"},"telephone":"","sameAs":""},"performer":"Organization"},"is_virtual":false,"virtual_url":null,"virtual_video_source":""}