{"id":25827,"global_id":"cultura.santjosep.org\/es\/?id=25827","global_id_lineage":["cultura.santjosep.org\/es\/?id=25827"],"author":"1","status":"publish","date":"2025-09-15 13:16:31","date_utc":"2025-09-15 11:16:31","modified":"2025-09-15 13:16:31","modified_utc":"2025-09-15 11:16:31","url":"https:\/\/cultura.santjosep.org\/es\/agenda\/units-pel-nostre-parlar-canconer-de-les-pitiuses\/","rest_url":"https:\/\/cultura.santjosep.org\/es\/wp-json\/tribe\/events\/v1\/events\/25827","title":"Units pel nostre parlar &#8211; Can\u00e7oner de les Piti\u00fcses","description":"<p><strong data-start=\"1038\" data-end=\"1076\">12.00 h \u201cCan\u00e7oner de les Piti\u00fcses\u201d<\/strong>. Inauguraci\u00f3 de l\u2019exposici\u00f3 central de la Setmana L\u00fadoling\u00fc\u00edstica \u201cUnits pel nostre parlar\u201d a la Sala d\u2019Exposicions de Can Jeroni.<br data-start=\"1207\" data-end=\"1210\" \/>Horari de visita: de dijous a diumenge, de 19.00 a 21.00 h i de 11.00 a 13.30 h. fins al 21. Activitat organitzada per l\u2019Ajuntament de Sant Josep de sa Talaia en col\u00b7laboraci\u00f3 amb l\u2019Institut d\u2019Estudis Eivissencs.<\/p>\n<p><img loading=\"lazy\" decoding=\"async\" class=\"alignnone size-full wp-image-25813\" src=\"https:\/\/cultura.santjosep.org\/wp-content\/uploads\/2025\/09\/UnitsPelNostreParlar-scaled.webp\" alt=\"\" width=\"1686\" height=\"2560\" srcset=\"https:\/\/cultura.santjosep.org\/wp-content\/uploads\/2025\/09\/UnitsPelNostreParlar-scaled.webp 1686w, https:\/\/cultura.santjosep.org\/wp-content\/uploads\/2025\/09\/UnitsPelNostreParlar-198x300.webp 198w, https:\/\/cultura.santjosep.org\/wp-content\/uploads\/2025\/09\/UnitsPelNostreParlar-674x1024.webp 674w, https:\/\/cultura.santjosep.org\/wp-content\/uploads\/2025\/09\/UnitsPelNostreParlar-768x1166.webp 768w, https:\/\/cultura.santjosep.org\/wp-content\/uploads\/2025\/09\/UnitsPelNostreParlar-1011x1536.webp 1011w, https:\/\/cultura.santjosep.org\/wp-content\/uploads\/2025\/09\/UnitsPelNostreParlar-1348x2048.webp 1348w, https:\/\/cultura.santjosep.org\/wp-content\/uploads\/2025\/09\/UnitsPelNostreParlar-1568x2381.webp 1568w, https:\/\/cultura.santjosep.org\/wp-content\/uploads\/2025\/09\/UnitsPelNostreParlar-1320x2005.webp 1320w\" sizes=\"auto, (max-width: 1686px) 100vw, 1686px\" \/><\/p>","excerpt":"<p>12.00 h \u201cCan\u00e7oner de les Piti\u00fcses\u201d. Inauguraci\u00f3 de l\u2019exposici\u00f3 central de la Setmana L\u00fadoling\u00fc\u00edstica \u201cUnits pel nostre parlar\u201d a la Sala d\u2019Exposicions de Can Jeroni.<br \/>\nHorari de visita: de dijous a diumenge, de 19.00 a 21.00 h i de 11.00 a 13.30 h. fins al 21. Activitat organitzada per l\u2019Ajuntament de Sant Josep de sa Talaia en col\u00b7laboraci\u00f3 amb l\u2019Institut d\u2019Estudis Eivissencs.<\/p>","slug":"units-pel-nostre-parlar-canconer-de-les-pitiuses","image":{"url":"https:\/\/cultura.santjosep.org\/wp-content\/uploads\/2025\/09\/UnitsPelNostreParlar_1.webp","id":25812,"extension":"webp","width":1342,"height":892,"filesize":122250,"sizes":{"medium":{"width":300,"height":199,"mime-type":"image\/webp","filesize":8656,"url":"https:\/\/cultura.santjosep.org\/wp-content\/uploads\/2025\/09\/UnitsPelNostreParlar_1-300x199.webp"},"large":{"width":1024,"height":681,"mime-type":"image\/webp","filesize":36796,"url":"https:\/\/cultura.santjosep.org\/wp-content\/uploads\/2025\/09\/UnitsPelNostreParlar_1-1024x681.webp"},"thumbnail":{"width":150,"height":150,"mime-type":"image\/webp","filesize":6236,"url":"https:\/\/cultura.santjosep.org\/wp-content\/uploads\/2025\/09\/UnitsPelNostreParlar_1-150x150.webp"},"medium_large":{"width":768,"height":510,"mime-type":"image\/webp","filesize":27150,"url":"https:\/\/cultura.santjosep.org\/wp-content\/uploads\/2025\/09\/UnitsPelNostreParlar_1-768x510.webp"},"mailpoet_newsletter_max":{"width":1320,"height":877,"mime-type":"image\/webp","filesize":45420,"url":"https:\/\/cultura.santjosep.org\/wp-content\/uploads\/2025\/09\/UnitsPelNostreParlar_1-1320x877.webp"}}},"all_day":false,"start_date":"2025-09-14 12:00:00","start_date_details":{"year":"2025","month":"09","day":"14","hour":"12","minutes":"00","seconds":"00"},"end_date":"2025-09-14 12:00:00","end_date_details":{"year":"2025","month":"09","day":"14","hour":"12","minutes":"00","seconds":"00"},"utc_start_date":"2025-09-14 10:00:00","utc_start_date_details":{"year":"2025","month":"09","day":"14","hour":"10","minutes":"00","seconds":"00"},"utc_end_date":"2025-09-14 10:00:00","utc_end_date_details":{"year":"2025","month":"09","day":"14","hour":"10","minutes":"00","seconds":"00"},"timezone":"Europe\/Madrid","timezone_abbr":"CEST","cost":"","cost_details":{"currency_symbol":"","currency_code":"","currency_position":"suffix","values":[]},"website":"","show_map":true,"show_map_link":true,"hide_from_listings":false,"sticky":false,"featured":false,"categories":[{"name":"Units pel nostre parlar","slug":"units-pel-nostre-parlar","term_group":0,"term_taxonomy_id":36,"taxonomy":"tribe_events_cat","description":"","parent":0,"count":56,"filter":"raw","id":36,"urls":{"self":"https:\/\/cultura.santjosep.org\/es\/wp-json\/tribe\/events\/v1\/categories\/36","collection":"https:\/\/cultura.santjosep.org\/es\/wp-json\/tribe\/events\/v1\/categories"}}],"tags":[],"venue":[],"organizer":[],"custom_fields":[],"json_ld":{"@context":"http:\/\/schema.org","@type":"Event","name":"Units pel nostre parlar &#8211; Can\u00e7oner de les Piti\u00fcses","description":"&lt;p&gt;12.00 h \u201cCan\u00e7oner de les Piti\u00fcses\u201d. Inauguraci\u00f3 de l\u2019exposici\u00f3 central de la Setmana L\u00fadoling\u00fc\u00edstica \u201cUnits pel nostre parlar\u201d a la Sala d\u2019Exposicions de Can Jeroni.&lt;br \/&gt;\\nHorari de visita: de dijous a diumenge, de 19.00 a 21.00 h i de 11.00 a 13.30 h. fins al 21. Activitat organitzada per l\u2019Ajuntament de Sant Josep de sa Talaia en col\u00b7laboraci\u00f3 amb l\u2019Institut d\u2019Estudis Eivissencs.&lt;\/p&gt;\\n","image":"https:\/\/cultura.santjosep.org\/wp-content\/uploads\/2025\/09\/UnitsPelNostreParlar_1.webp","url":"https:\/\/cultura.santjosep.org\/es\/agenda\/units-pel-nostre-parlar-canconer-de-les-pitiuses\/","eventAttendanceMode":"https:\/\/schema.org\/OfflineEventAttendanceMode","eventStatus":"https:\/\/schema.org\/EventScheduled","startDate":"2025-09-14T12:00:00+02:00","endDate":"2025-09-14T12:00:00+02:00","performer":"Organization"},"is_virtual":false,"virtual_url":null,"virtual_video_source":""}