{"id":25854,"global_id":"cultura.santjosep.org\/es\/?id=25854","global_id_lineage":["cultura.santjosep.org\/es\/?id=25854"],"author":"1","status":"publish","date":"2025-09-15 13:49:08","date_utc":"2025-09-15 11:49:08","modified":"2025-09-16 10:13:39","modified_utc":"2025-09-16 08:13:39","url":"https:\/\/cultura.santjosep.org\/es\/agenda\/nit-de-poesia-en-es-tanco-de-can-curt\/","rest_url":"https:\/\/cultura.santjosep.org\/es\/wp-json\/tribe\/events\/v1\/events\/25854","title":"Nit de Poesia en es Tanc\u00f3 de Can Curt","description":"<div>DISSABTE 20 DE SETEMBRE<\/div>\n<div>20.30 h IX Nit de Poesia en es Tanc\u00f3 de Can Curt. Hist\u00f2ries en el vers.<\/div>\n<div>Activitat organitzada per l\u2019AV de Sant Agust\u00ed.<\/div>\n<p><img loading=\"lazy\" decoding=\"async\" class=\"alignnone size-full wp-image-25813\" src=\"https:\/\/cultura.santjosep.org\/wp-content\/uploads\/2025\/09\/UnitsPelNostreParlar-scaled.webp\" alt=\"\" width=\"1686\" height=\"2560\" srcset=\"https:\/\/cultura.santjosep.org\/wp-content\/uploads\/2025\/09\/UnitsPelNostreParlar-scaled.webp 1686w, https:\/\/cultura.santjosep.org\/wp-content\/uploads\/2025\/09\/UnitsPelNostreParlar-198x300.webp 198w, https:\/\/cultura.santjosep.org\/wp-content\/uploads\/2025\/09\/UnitsPelNostreParlar-674x1024.webp 674w, https:\/\/cultura.santjosep.org\/wp-content\/uploads\/2025\/09\/UnitsPelNostreParlar-768x1166.webp 768w, https:\/\/cultura.santjosep.org\/wp-content\/uploads\/2025\/09\/UnitsPelNostreParlar-1011x1536.webp 1011w, https:\/\/cultura.santjosep.org\/wp-content\/uploads\/2025\/09\/UnitsPelNostreParlar-1348x2048.webp 1348w, https:\/\/cultura.santjosep.org\/wp-content\/uploads\/2025\/09\/UnitsPelNostreParlar-1568x2381.webp 1568w, https:\/\/cultura.santjosep.org\/wp-content\/uploads\/2025\/09\/UnitsPelNostreParlar-1320x2005.webp 1320w\" sizes=\"auto, (max-width: 1686px) 100vw, 1686px\" \/><\/p>","excerpt":"<p>DISSABTE 20 DE SETEMBRE<br \/>\n20.30 h IX Nit de Poesia en es Tanc\u00f3 de Can Curt. Hist\u00f2ries en el vers.<br \/>\nActivitat organitzada per l\u2019AV de Sant Agust\u00ed.<\/p>","slug":"nit-de-poesia-en-es-tanco-de-can-curt","image":{"url":"https:\/\/cultura.santjosep.org\/wp-content\/uploads\/2025\/09\/UnitsPelNostreParlar_1.webp","id":25812,"extension":"webp","width":1342,"height":892,"filesize":122250,"sizes":{"medium":{"width":300,"height":199,"mime-type":"image\/webp","filesize":8656,"url":"https:\/\/cultura.santjosep.org\/wp-content\/uploads\/2025\/09\/UnitsPelNostreParlar_1-300x199.webp"},"large":{"width":1024,"height":681,"mime-type":"image\/webp","filesize":36796,"url":"https:\/\/cultura.santjosep.org\/wp-content\/uploads\/2025\/09\/UnitsPelNostreParlar_1-1024x681.webp"},"thumbnail":{"width":150,"height":150,"mime-type":"image\/webp","filesize":6236,"url":"https:\/\/cultura.santjosep.org\/wp-content\/uploads\/2025\/09\/UnitsPelNostreParlar_1-150x150.webp"},"medium_large":{"width":768,"height":510,"mime-type":"image\/webp","filesize":27150,"url":"https:\/\/cultura.santjosep.org\/wp-content\/uploads\/2025\/09\/UnitsPelNostreParlar_1-768x510.webp"},"mailpoet_newsletter_max":{"width":1320,"height":877,"mime-type":"image\/webp","filesize":45420,"url":"https:\/\/cultura.santjosep.org\/wp-content\/uploads\/2025\/09\/UnitsPelNostreParlar_1-1320x877.webp"}}},"all_day":false,"start_date":"2025-09-20 20:30:00","start_date_details":{"year":"2025","month":"09","day":"20","hour":"20","minutes":"30","seconds":"00"},"end_date":"2025-09-20 20:30:00","end_date_details":{"year":"2025","month":"09","day":"20","hour":"20","minutes":"30","seconds":"00"},"utc_start_date":"2025-09-20 18:30:00","utc_start_date_details":{"year":"2025","month":"09","day":"20","hour":"18","minutes":"30","seconds":"00"},"utc_end_date":"2025-09-20 18:30:00","utc_end_date_details":{"year":"2025","month":"09","day":"20","hour":"18","minutes":"30","seconds":"00"},"timezone":"Europe\/Madrid","timezone_abbr":"CEST","cost":"","cost_details":{"currency_symbol":"","currency_code":"","currency_position":"suffix","values":[]},"website":"","show_map":true,"show_map_link":true,"hide_from_listings":false,"sticky":false,"featured":false,"categories":[{"name":"Units pel nostre parlar","slug":"units-pel-nostre-parlar","term_group":0,"term_taxonomy_id":36,"taxonomy":"tribe_events_cat","description":"","parent":0,"count":56,"filter":"raw","id":36,"urls":{"self":"https:\/\/cultura.santjosep.org\/es\/wp-json\/tribe\/events\/v1\/categories\/36","collection":"https:\/\/cultura.santjosep.org\/es\/wp-json\/tribe\/events\/v1\/categories"}}],"tags":[],"venue":{"id":2654,"author":"1","status":"publish","date":"2020-10-28 08:32:44","date_utc":"2020-10-28 07:32:44","modified":"2020-10-28 08:49:00","modified_utc":"2020-10-28 07:49:00","url":"https:\/\/cultura.santjosep.org\/es\/local\/sala-de-exposiciones-de-can-curt\/","venue":"Sala de exposiciones de Can Curt","description":"<p><img loading=\"lazy\" decoding=\"async\" class=\"alignnone wp-image-2655 size-full\" src=\"https:\/\/cultura.santjosep.org\/wp-content\/uploads\/2020\/10\/cancurt_IMG_2597.jpg\" alt=\"\" width=\"800\" height=\"533\" srcset=\"https:\/\/cultura.santjosep.org\/wp-content\/uploads\/2020\/10\/cancurt_IMG_2597.jpg 800w, https:\/\/cultura.santjosep.org\/wp-content\/uploads\/2020\/10\/cancurt_IMG_2597-300x200.jpg 300w, https:\/\/cultura.santjosep.org\/wp-content\/uploads\/2020\/10\/cancurt_IMG_2597-768x512.jpg 768w, https:\/\/cultura.santjosep.org\/wp-content\/uploads\/2020\/10\/cancurt_IMG_2597-450x300.jpg 450w\" sizes=\"auto, (max-width: 800px) 100vw, 800px\" \/><\/p>","slug":"sala-de-exposiciones-de-can-curt","image":{"url":"https:\/\/cultura.santjosep.org\/wp-content\/uploads\/2020\/10\/logocancurt.png","id":2669,"extension":"png","width":1180,"height":411,"sizes":{"medium":{"width":300,"height":104,"mime-type":"image\/png","url":"https:\/\/cultura.santjosep.org\/wp-content\/uploads\/2020\/10\/logocancurt-300x104.png"},"large":{"width":1024,"height":357,"mime-type":"image\/png","url":"https:\/\/cultura.santjosep.org\/wp-content\/uploads\/2020\/10\/logocancurt-1024x357.png"},"thumbnail":{"width":150,"height":150,"mime-type":"image\/png","url":"https:\/\/cultura.santjosep.org\/wp-content\/uploads\/2020\/10\/logocancurt-150x150.png"},"medium_large":{"width":768,"height":267,"mime-type":"image\/png","url":"https:\/\/cultura.santjosep.org\/wp-content\/uploads\/2020\/10\/logocancurt-768x267.png"},"woocommerce_thumbnail":{"width":300,"height":300,"mime-type":"image\/png","url":"https:\/\/cultura.santjosep.org\/wp-content\/uploads\/2020\/10\/logocancurt-300x300.png"},"woocommerce_single":{"width":450,"height":157,"mime-type":"image\/png","url":"https:\/\/cultura.santjosep.org\/wp-content\/uploads\/2020\/10\/logocancurt-450x157.png"},"woocommerce_gallery_thumbnail":{"width":100,"height":100,"mime-type":"image\/png","url":"https:\/\/cultura.santjosep.org\/wp-content\/uploads\/2020\/10\/logocancurt-100x100.png"},"shop_catalog":{"width":300,"height":300,"mime-type":"image\/png","url":"https:\/\/cultura.santjosep.org\/wp-content\/uploads\/2020\/10\/logocancurt-300x300.png"},"shop_single":{"width":450,"height":157,"mime-type":"image\/png","url":"https:\/\/cultura.santjosep.org\/wp-content\/uploads\/2020\/10\/logocancurt-450x157.png"},"shop_thumbnail":{"width":100,"height":100,"mime-type":"image\/png","url":"https:\/\/cultura.santjosep.org\/wp-content\/uploads\/2020\/10\/logocancurt-100x100.png"}}},"address":"Pla\u00e7a de la esgl\u00e9sia","city":"Sant Agust\u00ed des Vedr\u00e0","province":"Illes Balears","zip":"07829","stateprovince":"Illes Balears","geo_lat":38.94128599999999806868800078518688678741455078125,"geo_lng":1.2937665000000000414814849136746488511562347412109375,"json_ld":{"@type":"Place","name":"Sala de exposiciones de Can Curt","description":"","image":"https:\/\/cultura.santjosep.org\/wp-content\/uploads\/2020\/10\/logocancurt.png","url":"https:\/\/cultura.santjosep.org\/es\/local\/sala-de-exposiciones-de-can-curt\/","address":{"@type":"PostalAddress","streetAddress":"Pla\u00e7a de la esgl\u00e9sia","addressLocality":"Sant Agust\u00ed des Vedr\u00e0","addressRegion":"Illes Balears","postalCode":"07829"},"geo":{"@type":"GeoCoordinates","latitude":38.94128599999999806868800078518688678741455078125,"longitude":1.2937665000000000414814849136746488511562347412109375},"telephone":"","sameAs":""},"show_map":true,"show_map_link":true,"global_id":"cultura.santjosep.org\/es\/?id=2654","global_id_lineage":["cultura.santjosep.org\/es\/?id=2654"]},"organizer":[],"custom_fields":[],"json_ld":{"@context":"http:\/\/schema.org","@type":"Event","name":"Nit de Poesia en es Tanc\u00f3 de Can Curt","description":"&lt;p&gt;DISSABTE 20 DE SETEMBRE&lt;br \/&gt;\\n20.30 h IX Nit de Poesia en es Tanc\u00f3 de Can Curt. Hist\u00f2ries en el vers.&lt;br \/&gt;\\nActivitat organitzada per l\u2019AV de Sant Agust\u00ed.&lt;\/p&gt;\\n","image":"https:\/\/cultura.santjosep.org\/wp-content\/uploads\/2025\/09\/UnitsPelNostreParlar_1.webp","url":"https:\/\/cultura.santjosep.org\/es\/agenda\/nit-de-poesia-en-es-tanco-de-can-curt\/","eventAttendanceMode":"https:\/\/schema.org\/OfflineEventAttendanceMode","eventStatus":"https:\/\/schema.org\/EventScheduled","startDate":"2025-09-20T20:30:00+02:00","endDate":"2025-09-20T20:30:00+02:00","location":{"@type":"Place","name":"Sala de exposiciones de Can Curt","description":"","image":"https:\/\/cultura.santjosep.org\/wp-content\/uploads\/2020\/10\/logocancurt.png","url":"https:\/\/cultura.santjosep.org\/es\/local\/sala-de-exposiciones-de-can-curt\/","address":{"@type":"PostalAddress","streetAddress":"Pla\u00e7a de la esgl\u00e9sia","addressLocality":"Sant Agust\u00ed des Vedr\u00e0","addressRegion":"Illes Balears","postalCode":"07829"},"geo":{"@type":"GeoCoordinates","latitude":38.94128599999999806868800078518688678741455078125,"longitude":1.2937665000000000414814849136746488511562347412109375},"telephone":"","sameAs":""},"performer":"Organization"},"is_virtual":false,"virtual_url":null,"virtual_video_source":""}