{"id":26135,"global_id":"cultura.santjosep.org\/es\/?id=26135","global_id_lineage":["cultura.santjosep.org\/es\/?id=26135"],"author":"1","status":"publish","date":"2025-11-06 11:08:38","date_utc":"2025-11-06 10:08:38","modified":"2025-11-06 11:08:38","modified_utc":"2025-11-06 10:08:38","url":"https:\/\/cultura.santjosep.org\/es\/agenda\/sa-rateta-2-0\/","rest_url":"https:\/\/cultura.santjosep.org\/es\/wp-json\/tribe\/events\/v1\/events\/26135","title":"SA RATETA 2.0","description":"<p><strong>Contacontes amb Myotragus Teatre<br \/>\nEspectacle guanyador del X Premi B\u00f2til en la categoria infantil 2025<\/strong><\/p>\n<p>INFANTS A PARTIR DE 3 ANYS<\/p>\n<p>Divendres 14 a les 17.30 h<\/p>\n<p>INSCRIPCI\u00d3 PR\u00c8VIA<br \/>\nTel\u00e8fon o WhatsApp: 971 348630<br \/>\nbiblioteca.caladebou@santjosep.org<\/p>\n<p><img loading=\"lazy\" decoding=\"async\" src=\"https:\/\/cultura.santjosep.org\/wp-content\/uploads\/2025\/11\/Cartell-general-novembre-2025.jpg\" alt=\"\" width=\"1080\" height=\"1350\" class=\"alignnone size-full wp-image-26123\" srcset=\"https:\/\/cultura.santjosep.org\/wp-content\/uploads\/2025\/11\/Cartell-general-novembre-2025.jpg 1080w, https:\/\/cultura.santjosep.org\/wp-content\/uploads\/2025\/11\/Cartell-general-novembre-2025-240x300.jpg 240w, https:\/\/cultura.santjosep.org\/wp-content\/uploads\/2025\/11\/Cartell-general-novembre-2025-819x1024.jpg 819w, https:\/\/cultura.santjosep.org\/wp-content\/uploads\/2025\/11\/Cartell-general-novembre-2025-768x960.jpg 768w\" sizes=\"auto, (max-width: 1080px) 100vw, 1080px\" \/><\/p>","excerpt":"","slug":"sa-rateta-2-0","image":{"url":"https:\/\/cultura.santjosep.org\/wp-content\/uploads\/2025\/11\/Cartell-Sa-Rateta-2.0.jpg","id":26122,"extension":"jpg","width":1587,"height":2245,"filesize":358655,"sizes":{"medium":{"width":212,"height":300,"mime-type":"image\/jpeg","filesize":17181,"url":"https:\/\/cultura.santjosep.org\/wp-content\/uploads\/2025\/11\/Cartell-Sa-Rateta-2.0-212x300.jpg"},"large":{"width":724,"height":1024,"mime-type":"image\/jpeg","filesize":108709,"url":"https:\/\/cultura.santjosep.org\/wp-content\/uploads\/2025\/11\/Cartell-Sa-Rateta-2.0-724x1024.jpg"},"thumbnail":{"width":150,"height":150,"mime-type":"image\/jpeg","filesize":8074,"url":"https:\/\/cultura.santjosep.org\/wp-content\/uploads\/2025\/11\/Cartell-Sa-Rateta-2.0-150x150.jpg"},"medium_large":{"width":768,"height":1086,"mime-type":"image\/jpeg","filesize":117325,"url":"https:\/\/cultura.santjosep.org\/wp-content\/uploads\/2025\/11\/Cartell-Sa-Rateta-2.0-768x1086.jpg"},"1536x1536":{"width":1086,"height":1536,"mime-type":"image\/jpeg","filesize":198342,"url":"https:\/\/cultura.santjosep.org\/wp-content\/uploads\/2025\/11\/Cartell-Sa-Rateta-2.0-1086x1536.jpg"},"2048x2048":{"width":1448,"height":2048,"mime-type":"image\/jpeg","filesize":301211,"url":"https:\/\/cultura.santjosep.org\/wp-content\/uploads\/2025\/11\/Cartell-Sa-Rateta-2.0-1448x2048.jpg"},"post-thumbnail":{"width":1568,"height":2218,"mime-type":"image\/jpeg","filesize":338201,"url":"https:\/\/cultura.santjosep.org\/wp-content\/uploads\/2025\/11\/Cartell-Sa-Rateta-2.0-1568x2218.jpg"}}},"all_day":false,"start_date":"2025-11-14 17:30:00","start_date_details":{"year":"2025","month":"11","day":"14","hour":"17","minutes":"30","seconds":"00"},"end_date":"2025-11-14 17:30:00","end_date_details":{"year":"2025","month":"11","day":"14","hour":"17","minutes":"30","seconds":"00"},"utc_start_date":"2025-11-14 16:30:00","utc_start_date_details":{"year":"2025","month":"11","day":"14","hour":"16","minutes":"30","seconds":"00"},"utc_end_date":"2025-11-14 16:30:00","utc_end_date_details":{"year":"2025","month":"11","day":"14","hour":"16","minutes":"30","seconds":"00"},"timezone":"Europe\/Madrid","timezone_abbr":"CET","cost":"","cost_details":{"currency_symbol":"","currency_code":"","currency_position":"suffix","values":[]},"website":"","show_map":true,"show_map_link":true,"hide_from_listings":false,"sticky":false,"featured":false,"categories":[{"name":"Activitats","slug":"activitats-es","term_group":0,"term_taxonomy_id":104,"taxonomy":"tribe_events_cat","description":"","parent":0,"count":37,"filter":"raw","id":104,"urls":{"self":"https:\/\/cultura.santjosep.org\/es\/wp-json\/tribe\/events\/v1\/categories\/104","collection":"https:\/\/cultura.santjosep.org\/es\/wp-json\/tribe\/events\/v1\/categories"}}],"tags":[],"venue":{"id":4791,"author":"1","status":"publish","date":"2020-12-04 12:30:37","date_utc":"2020-12-04 11:30:37","modified":"2020-12-04 12:30:37","modified_utc":"2020-12-04 11:30:37","url":"https:\/\/cultura.santjosep.org\/local\/biblioteca-cala-de-bou\/","venue":"Biblioteca Cala de Bou","slug":"biblioteca-cala-de-bou","city":"Sant Josep de Sa Talaia","country":"Espa\u00f1a","json_ld":{"@type":"Place","name":"Biblioteca Cala de Bou","description":"","url":"https:\/\/cultura.santjosep.org\/local\/biblioteca-cala-de-bou\/","address":{"@type":"PostalAddress","addressLocality":"Sant Josep de Sa Talaia","addressCountry":"Espa\u00f1a"},"telephone":"","sameAs":""},"show_map":true,"show_map_link":true,"global_id":"cultura.santjosep.org\/es\/?id=4791","global_id_lineage":["cultura.santjosep.org\/es\/?id=4791"]},"organizer":[],"custom_fields":[],"json_ld":{"@context":"http:\/\/schema.org","@type":"Event","name":"SA RATETA 2.0","description":"&lt;p&gt;Contacontes amb Myotragus Teatre Espectacle guanyador del X Premi B\u00f2til en la categoria infantil 2025 INFANTS A PARTIR DE 3 ANYS Divendres 14 a les 17.30 h INSCRIPCI\u00d3 PR\u00c8VIA Tel\u00e8fon &hellip; &lt;\/p&gt;\\n&lt;p class=&quot;link-more&quot;&gt;&lt;a href=&quot;https:\/\/cultura.santjosep.org\/es\/agenda\/sa-rateta-2-0\/&quot; class=&quot;more-link&quot;&gt;Seguir leyendo&lt;span class=&quot;screen-reader-text&quot;&gt; \u00abSA RATETA 2.0\u00bb&lt;\/span&gt;&lt;\/a&gt;&lt;\/p&gt;\\n","image":"https:\/\/cultura.santjosep.org\/wp-content\/uploads\/2025\/11\/Cartell-Sa-Rateta-2.0.jpg","url":"https:\/\/cultura.santjosep.org\/es\/agenda\/sa-rateta-2-0\/","eventAttendanceMode":"https:\/\/schema.org\/OfflineEventAttendanceMode","eventStatus":"https:\/\/schema.org\/EventScheduled","startDate":"2025-11-14T17:30:00+01:00","endDate":"2025-11-14T17:30:00+01:00","location":{"@type":"Place","name":"Biblioteca Cala de Bou","description":"","url":"https:\/\/cultura.santjosep.org\/local\/biblioteca-cala-de-bou\/","address":{"@type":"PostalAddress","addressLocality":"Sant Josep de Sa Talaia","addressCountry":"Espa\u00f1a"},"telephone":"","sameAs":""},"performer":"Organization"},"is_virtual":false,"virtual_url":null,"virtual_video_source":""}