{"id":26358,"global_id":"cultura.santjosep.org\/es\/?id=26358","global_id_lineage":["cultura.santjosep.org\/es\/?id=26358"],"author":"1","status":"publish","date":"2026-01-28 13:29:29","date_utc":"2026-01-28 12:29:29","modified":"2026-01-28 13:29:39","modified_utc":"2026-01-28 12:29:39","url":"https:\/\/cultura.santjosep.org\/es\/agenda\/el-cau-de-les-sargantanes-3\/","rest_url":"https:\/\/cultura.santjosep.org\/es\/wp-json\/tribe\/events\/v1\/events\/26358","title":"El Cau de les Sargantanes","description":"<div class=\"wpb-content-wrapper\"><p>[vc_row][vc_column][vc_column_text]Reconeixem colors i n\u00fameros (2a edici\u00f3) Fam\u00edlies amb infants de 3 a 6 anys Divendres 27 a les 17.30h Jocs literaris, experimentaci\u00f3 grupal i lectura compartida en fam\u00edlia.[\/vc_column_text][\/vc_column][\/vc_row][vc_row][vc_column][vc_single_image image=\u00bb26355&#8243; img_size=\u00bbfull\u00bb css=\u00bb\u00bb][\/vc_column][\/vc_row]<\/p>\n<\/div>","excerpt":"","slug":"el-cau-de-les-sargantanes-3","image":{"url":"https:\/\/cultura.santjosep.org\/wp-content\/uploads\/2026\/01\/Cartell-Cau-Sargantanes_colors-i-nu\u0301meros_2a-edicio\u0301.jpg","id":26359,"extension":"jpg","width":1587,"height":2245,"filesize":308294,"sizes":{"medium":{"width":212,"height":300,"mime-type":"image\/jpeg","filesize":15933,"url":"https:\/\/cultura.santjosep.org\/wp-content\/uploads\/2026\/01\/Cartell-Cau-Sargantanes_colors-i-nu\u0301meros_2a-edicio\u0301-212x300.jpg"},"large":{"width":724,"height":1024,"mime-type":"image\/jpeg","filesize":102753,"url":"https:\/\/cultura.santjosep.org\/wp-content\/uploads\/2026\/01\/Cartell-Cau-Sargantanes_colors-i-nu\u0301meros_2a-edicio\u0301-724x1024.jpg"},"thumbnail":{"width":150,"height":150,"mime-type":"image\/jpeg","filesize":7089,"url":"https:\/\/cultura.santjosep.org\/wp-content\/uploads\/2026\/01\/Cartell-Cau-Sargantanes_colors-i-nu\u0301meros_2a-edicio\u0301-150x150.jpg"},"medium_large":{"width":768,"height":1086,"mime-type":"image\/jpeg","filesize":111091,"url":"https:\/\/cultura.santjosep.org\/wp-content\/uploads\/2026\/01\/Cartell-Cau-Sargantanes_colors-i-nu\u0301meros_2a-edicio\u0301-768x1086.jpg"},"1536x1536":{"width":1086,"height":1536,"mime-type":"image\/jpeg","filesize":177973,"url":"https:\/\/cultura.santjosep.org\/wp-content\/uploads\/2026\/01\/Cartell-Cau-Sargantanes_colors-i-nu\u0301meros_2a-edicio\u0301-1086x1536.jpg"},"2048x2048":{"width":1448,"height":2048,"mime-type":"image\/jpeg","filesize":265622,"url":"https:\/\/cultura.santjosep.org\/wp-content\/uploads\/2026\/01\/Cartell-Cau-Sargantanes_colors-i-nu\u0301meros_2a-edicio\u0301-1448x2048.jpg"},"post-thumbnail":{"width":1568,"height":2218,"mime-type":"image\/jpeg","filesize":292633,"url":"https:\/\/cultura.santjosep.org\/wp-content\/uploads\/2026\/01\/Cartell-Cau-Sargantanes_colors-i-nu\u0301meros_2a-edicio\u0301-1568x2218.jpg"}}},"all_day":false,"start_date":"2026-02-27 17:30:00","start_date_details":{"year":"2026","month":"02","day":"27","hour":"17","minutes":"30","seconds":"00"},"end_date":"2026-02-27 17:30:00","end_date_details":{"year":"2026","month":"02","day":"27","hour":"17","minutes":"30","seconds":"00"},"utc_start_date":"2026-02-27 16:30:00","utc_start_date_details":{"year":"2026","month":"02","day":"27","hour":"16","minutes":"30","seconds":"00"},"utc_end_date":"2026-02-27 16:30:00","utc_end_date_details":{"year":"2026","month":"02","day":"27","hour":"16","minutes":"30","seconds":"00"},"timezone":"Europe\/Madrid","timezone_abbr":"CET","cost":"","cost_details":{"currency_symbol":"\u20ac","currency_code":"USD","currency_position":"suffix","values":[]},"website":"","show_map":true,"show_map_link":true,"hide_from_listings":false,"sticky":false,"featured":false,"categories":[{"name":"Activitats","slug":"activitats-es","term_group":0,"term_taxonomy_id":104,"taxonomy":"tribe_events_cat","description":"","parent":0,"count":37,"filter":"raw","id":104,"urls":{"self":"https:\/\/cultura.santjosep.org\/es\/wp-json\/tribe\/events\/v1\/categories\/104","collection":"https:\/\/cultura.santjosep.org\/es\/wp-json\/tribe\/events\/v1\/categories"}}],"tags":[],"venue":{"id":4791,"author":"1","status":"publish","date":"2020-12-04 12:30:37","date_utc":"2020-12-04 11:30:37","modified":"2020-12-04 12:30:37","modified_utc":"2020-12-04 11:30:37","url":"https:\/\/cultura.santjosep.org\/local\/biblioteca-cala-de-bou\/","venue":"Biblioteca Cala de Bou","slug":"biblioteca-cala-de-bou","city":"Sant Josep de Sa Talaia","country":"Espa\u00f1a","json_ld":{"@type":"Place","name":"Biblioteca Cala de Bou","description":"","url":"https:\/\/cultura.santjosep.org\/local\/biblioteca-cala-de-bou\/","address":{"@type":"PostalAddress","addressLocality":"Sant Josep de Sa Talaia","addressCountry":"Espa\u00f1a"},"telephone":"","sameAs":""},"show_map":true,"show_map_link":true,"global_id":"cultura.santjosep.org\/es\/?id=4791","global_id_lineage":["cultura.santjosep.org\/es\/?id=4791"]},"organizer":[],"custom_fields":[],"json_ld":{"@context":"http:\/\/schema.org","@type":"Event","name":"El Cau de les Sargantanes","description":"&lt;p&gt;Reconeixem colors i n\u00fameros (2a edici\u00f3) Fam\u00edlies amb infants de 3 a 6 anys Divendres 27 a les 17.30h Jocs literaris, experimentaci\u00f3 grupal i lectura compartida en fam\u00edlia.&lt;\/p&gt;\\n","image":"https:\/\/cultura.santjosep.org\/wp-content\/uploads\/2026\/01\/Cartell-Cau-Sargantanes_colors-i-nu\u0301meros_2a-edicio\u0301.jpg","url":"https:\/\/cultura.santjosep.org\/es\/agenda\/el-cau-de-les-sargantanes-3\/","eventAttendanceMode":"https:\/\/schema.org\/OfflineEventAttendanceMode","eventStatus":"https:\/\/schema.org\/EventScheduled","startDate":"2026-02-27T17:30:00+01:00","endDate":"2026-02-27T17:30:00+01:00","location":{"@type":"Place","name":"Biblioteca Cala de Bou","description":"","url":"https:\/\/cultura.santjosep.org\/local\/biblioteca-cala-de-bou\/","address":{"@type":"PostalAddress","addressLocality":"Sant Josep de Sa Talaia","addressCountry":"Espa\u00f1a"},"telephone":"","sameAs":""},"performer":"Organization"},"is_virtual":false,"virtual_url":null,"virtual_video_source":""}