{"id":4551,"global_id":"cultura.santjosep.org\/es\/?id=4551","global_id_lineage":["cultura.santjosep.org\/es\/?id=4551"],"author":"1","status":"publish","date":"2020-12-01 12:00:53","date_utc":"2020-12-01 11:00:53","modified":"2020-12-01 13:43:34","modified_utc":"2020-12-01 12:43:34","url":"https:\/\/cultura.santjosep.org\/es\/agenda\/tiraloca-musical\/","rest_url":"https:\/\/cultura.santjosep.org\/es\/wp-json\/tribe\/events\/v1\/events\/4551","title":"Tiraloca Musical","description":"<p>M\u00fasica en la calle con charla tem\u00e1tica.<br \/>\n\u2018Tresors quotidians (costura, brodats, emprendada&#8230;)\u2019.<br \/>\nPlaza de Sant Josep. Actividad con aforo limitado.<\/p>\n<p><img loading=\"lazy\" decoding=\"async\" class=\"alignnone wp-image-3993 size-full\" src=\"https:\/\/cultura.santjosep.org\/wp-content\/uploads\/2020\/10\/tiraloca.png\" alt=\"\" width=\"1426\" height=\"2018\" srcset=\"https:\/\/cultura.santjosep.org\/wp-content\/uploads\/2020\/10\/tiraloca.png 1426w, https:\/\/cultura.santjosep.org\/wp-content\/uploads\/2020\/10\/tiraloca-212x300.png 212w, https:\/\/cultura.santjosep.org\/wp-content\/uploads\/2020\/10\/tiraloca-724x1024.png 724w, https:\/\/cultura.santjosep.org\/wp-content\/uploads\/2020\/10\/tiraloca-768x1087.png 768w, https:\/\/cultura.santjosep.org\/wp-content\/uploads\/2020\/10\/tiraloca-1085x1536.png 1085w, https:\/\/cultura.santjosep.org\/wp-content\/uploads\/2020\/10\/tiraloca-450x637.png 450w\" sizes=\"auto, (max-width: 1426px) 100vw, 1426px\" \/><\/p>\n<p><em>En base a la normativa que con motivo del COVID-19 regula la realizaci\u00f3n de actividades culturales en espacios cerrados y al aire libre, se aplicaran las normas oportunas de control de asistencia y de segurridad e higiene vigentes en la fecha de la actividad.<\/em><\/p>","excerpt":"","slug":"tiraloca-musical","image":{"url":"https:\/\/cultura.santjosep.org\/wp-content\/uploads\/2020\/10\/IMG_1091.jpg","id":29,"extension":"jpg","width":800,"height":533,"sizes":{"woocommerce_thumbnail":{"width":300,"height":300,"mime-type":"image\/jpeg","uncropped":false,"url":"https:\/\/cultura.santjosep.org\/wp-content\/uploads\/2020\/10\/IMG_1091-300x300.jpg"},"woocommerce_gallery_thumbnail":{"width":100,"height":100,"mime-type":"image\/jpeg","url":"https:\/\/cultura.santjosep.org\/wp-content\/uploads\/2020\/10\/IMG_1091-100x100.jpg"},"woocommerce_single":{"width":450,"height":300,"mime-type":"image\/jpeg","url":"https:\/\/cultura.santjosep.org\/wp-content\/uploads\/2020\/10\/IMG_1091-450x300.jpg"},"medium":{"width":300,"height":200,"mime-type":"image\/jpeg","url":"https:\/\/cultura.santjosep.org\/wp-content\/uploads\/2020\/10\/IMG_1091-300x200.jpg"},"thumbnail":{"width":150,"height":150,"mime-type":"image\/jpeg","url":"https:\/\/cultura.santjosep.org\/wp-content\/uploads\/2020\/10\/IMG_1091-150x150.jpg"},"medium_large":{"width":768,"height":512,"mime-type":"image\/jpeg","url":"https:\/\/cultura.santjosep.org\/wp-content\/uploads\/2020\/10\/IMG_1091-768x512.jpg"}}},"all_day":false,"start_date":"2020-12-06 12:30:00","start_date_details":{"year":"2020","month":"12","day":"06","hour":"12","minutes":"30","seconds":"00"},"end_date":"2020-12-06 12:30:00","end_date_details":{"year":"2020","month":"12","day":"06","hour":"12","minutes":"30","seconds":"00"},"utc_start_date":"2020-12-06 11:30:00","utc_start_date_details":{"year":"2020","month":"12","day":"06","hour":"11","minutes":"30","seconds":"00"},"utc_end_date":"2020-12-06 11:30:00","utc_end_date_details":{"year":"2020","month":"12","day":"06","hour":"11","minutes":"30","seconds":"00"},"timezone":"Europe\/Madrid","timezone_abbr":"CET","cost":"","cost_details":{"currency_symbol":"","currency_code":"","currency_position":"suffix","values":[]},"website":"","show_map":true,"show_map_link":true,"hide_from_listings":false,"sticky":false,"featured":false,"categories":[{"name":"Conciertos","slug":"conciertos","term_group":0,"term_taxonomy_id":31,"taxonomy":"tribe_events_cat","description":"","parent":0,"count":222,"filter":"raw","id":31,"urls":{"self":"https:\/\/cultura.santjosep.org\/es\/wp-json\/tribe\/events\/v1\/categories\/31","collection":"https:\/\/cultura.santjosep.org\/es\/wp-json\/tribe\/events\/v1\/categories"}},{"name":"Sant Josep","slug":"sant-josep-pueblo","term_group":0,"term_taxonomy_id":60,"taxonomy":"tribe_events_cat","description":"","parent":70,"count":24,"filter":"raw","id":60,"urls":{"self":"https:\/\/cultura.santjosep.org\/es\/wp-json\/tribe\/events\/v1\/categories\/60","collection":"https:\/\/cultura.santjosep.org\/es\/wp-json\/tribe\/events\/v1\/categories","up":"https:\/\/cultura.santjosep.org\/es\/wp-json\/tribe\/events\/v1\/categories\/70"}}],"tags":[],"venue":{"id":4268,"author":"1","status":"publish","date":"2020-12-01 08:57:04","date_utc":"2020-12-01 07:57:04","modified":"2020-12-01 08:57:04","modified_utc":"2020-12-01 07:57:04","url":"https:\/\/cultura.santjosep.org\/local\/placa-de-sant-josep\/","venue":"Pla\u00e7a de Sant Josep","slug":"placa-de-sant-josep","city":"Sant Josep de Sa Talaia","country":"Espa\u00f1a","json_ld":{"@type":"Place","name":"Pla\u00e7a de Sant Josep","description":"","url":"https:\/\/cultura.santjosep.org\/local\/placa-de-sant-josep\/","address":{"@type":"PostalAddress","addressLocality":"Sant Josep de Sa Talaia","addressCountry":"Espa\u00f1a"},"telephone":"","sameAs":""},"show_map":true,"show_map_link":true,"global_id":"cultura.santjosep.org\/es\/?id=4268","global_id_lineage":["cultura.santjosep.org\/es\/?id=4268"]},"organizer":[],"custom_fields":[],"json_ld":{"@context":"http:\/\/schema.org","@type":"Event","name":"Tiraloca Musical","description":"&lt;p&gt;M\u00fasica en la calle con charla tem\u00e1tica. \u2018Tresors quotidians (costura, brodats, emprendada...)\u2019. Plaza de Sant Josep. Actividad con aforo limitado. En base a la normativa que con motivo del COVID-19 &hellip; &lt;\/p&gt;\\n&lt;p class=&quot;link-more&quot;&gt;&lt;a href=&quot;https:\/\/cultura.santjosep.org\/es\/agenda\/tiraloca-musical\/&quot; class=&quot;more-link&quot;&gt;Seguir leyendo&lt;span class=&quot;screen-reader-text&quot;&gt; \u00abTiraloca Musical\u00bb&lt;\/span&gt;&lt;\/a&gt;&lt;\/p&gt;\\n","image":"https:\/\/cultura.santjosep.org\/wp-content\/uploads\/2020\/10\/IMG_1091.jpg","url":"https:\/\/cultura.santjosep.org\/es\/agenda\/tiraloca-musical\/","eventAttendanceMode":"https:\/\/schema.org\/OfflineEventAttendanceMode","eventStatus":"https:\/\/schema.org\/EventScheduled","startDate":"2020-12-06T12:30:00+01:00","endDate":"2020-12-06T12:30:00+01:00","location":{"@type":"Place","name":"Pla\u00e7a de Sant Josep","description":"","url":"https:\/\/cultura.santjosep.org\/local\/placa-de-sant-josep\/","address":{"@type":"PostalAddress","addressLocality":"Sant Josep de Sa Talaia","addressCountry":"Espa\u00f1a"},"telephone":"","sameAs":""},"performer":"Organization"},"is_virtual":false,"virtual_url":null,"virtual_video_source":""}