{"id":5547,"global_id":"cultura.santjosep.org\/es\/?id=5547","global_id_lineage":["cultura.santjosep.org\/es\/?id=5547"],"author":"1","status":"publish","date":"2021-03-04 09:34:54","date_utc":"2021-03-04 08:34:54","modified":"2021-03-04 12:36:55","modified_utc":"2021-03-04 11:36:55","url":"https:\/\/cultura.santjosep.org\/es\/agenda\/cine-infantil-la-revolta-dels-contes\/","rest_url":"https:\/\/cultura.santjosep.org\/es\/wp-json\/tribe\/events\/v1\/events\/5547","title":"Cine infantil &#8211; \u00abLa revolta dels contes\u00bb","description":"<p><strong>\u00abLa revolta dels contes\u00bb | 2016 | CATAL\u00c1N <\/strong><\/p>\n<p><strong>Duraci\u00f3n:<\/strong> 61 min. Reino Unido<br \/>\n<strong>Direcci\u00f3n:<\/strong> Jakob Schuh, Jan Lachauer, Bin-Han To<br \/>\n<strong>Sinopsis: <\/strong> C\u00f3mo reinventar cuentos de hadas con humor e inteligencia. Imaginemos que Caperucita Roja y Blancanieves son viejas amigas &#8230; Har\u00edan una alianza para deshacerse de los depredadores hambrientos o de una suegra asesina.<\/p>\n<p><em><img loading=\"lazy\" decoding=\"async\" class=\"alignnone wp-image-5558 size-full\" src=\"https:\/\/cultura.santjosep.org\/wp-content\/uploads\/2021\/03\/cat_Revolta-dels-contes.jpg\" alt=\"\" width=\"864\" height=\"1230\" srcset=\"https:\/\/cultura.santjosep.org\/wp-content\/uploads\/2021\/03\/cat_Revolta-dels-contes.jpg 864w, https:\/\/cultura.santjosep.org\/wp-content\/uploads\/2021\/03\/cat_Revolta-dels-contes-211x300.jpg 211w, https:\/\/cultura.santjosep.org\/wp-content\/uploads\/2021\/03\/cat_Revolta-dels-contes-719x1024.jpg 719w, https:\/\/cultura.santjosep.org\/wp-content\/uploads\/2021\/03\/cat_Revolta-dels-contes-768x1093.jpg 768w\" sizes=\"auto, (max-width: 864px) 100vw, 864px\" \/><br \/>\nEn base a la normativa que con motivo de la COVID-19 regula la realizaci\u00f3n de actividades culturales en espacios cerrados y al aire libre, se aplicar\u00e1n las normas oportunas de control de asistencia y de seguridad e higiene vigentes a la fecha de la actividad.<\/em><\/p>","excerpt":"","slug":"cine-infantil-la-revolta-dels-contes","image":{"url":"https:\/\/cultura.santjosep.org\/wp-content\/uploads\/2021\/03\/maxresdefault-1.jpg","id":5541,"extension":"jpg","width":1280,"height":720,"sizes":{"medium":{"width":300,"height":169,"mime-type":"image\/jpeg","url":"https:\/\/cultura.santjosep.org\/wp-content\/uploads\/2021\/03\/maxresdefault-1-300x169.jpg"},"large":{"width":1024,"height":576,"mime-type":"image\/jpeg","url":"https:\/\/cultura.santjosep.org\/wp-content\/uploads\/2021\/03\/maxresdefault-1-1024x576.jpg"},"thumbnail":{"width":150,"height":150,"mime-type":"image\/jpeg","url":"https:\/\/cultura.santjosep.org\/wp-content\/uploads\/2021\/03\/maxresdefault-1-150x150.jpg"},"medium_large":{"width":768,"height":432,"mime-type":"image\/jpeg","url":"https:\/\/cultura.santjosep.org\/wp-content\/uploads\/2021\/03\/maxresdefault-1-768x432.jpg"}}},"all_day":false,"start_date":"2021-03-07 18:00:00","start_date_details":{"year":"2021","month":"03","day":"07","hour":"18","minutes":"00","seconds":"00"},"end_date":"2021-03-07 18:00:00","end_date_details":{"year":"2021","month":"03","day":"07","hour":"18","minutes":"00","seconds":"00"},"utc_start_date":"2021-03-07 17:00:00","utc_start_date_details":{"year":"2021","month":"03","day":"07","hour":"17","minutes":"00","seconds":"00"},"utc_end_date":"2021-03-07 17:00:00","utc_end_date_details":{"year":"2021","month":"03","day":"07","hour":"17","minutes":"00","seconds":"00"},"timezone":"Europe\/Madrid","timezone_abbr":"CET","cost":"Gratuito","cost_details":{"currency_symbol":"","currency_code":"","currency_position":"suffix","values":["0"]},"website":"https:\/\/entrades.santjosep.org\/par-public\/rest\/evento\/id\/2632867","show_map":true,"show_map_link":true,"hide_from_listings":false,"sticky":false,"featured":false,"categories":[{"name":"Cine","slug":"cine","term_group":0,"term_taxonomy_id":30,"taxonomy":"tribe_events_cat","description":"","parent":0,"count":211,"filter":"raw","id":30,"urls":{"self":"https:\/\/cultura.santjosep.org\/es\/wp-json\/tribe\/events\/v1\/categories\/30","collection":"https:\/\/cultura.santjosep.org\/es\/wp-json\/tribe\/events\/v1\/categories"}}],"tags":[],"venue":{"id":284,"author":"1","status":"publish","date":"2020-10-05 12:35:53","date_utc":"2020-10-05 10:35:53","modified":"2020-10-06 18:35:05","modified_utc":"2020-10-06 16:35:05","url":"https:\/\/cultura.santjosep.org\/es\/local\/centro-de-cultura-can-jeroni\/","venue":"Centro de Cultura Can Jeroni","description":"<p><img loading=\"lazy\" decoding=\"async\" class=\"alignnone wp-image-60 size-large\" src=\"https:\/\/cultura.santjosep.org\/wp-content\/uploads\/2020\/10\/can-jeroni-fachada-trasera-1024x683.jpg\" alt=\"\" width=\"640\" height=\"427\" srcset=\"https:\/\/cultura.santjosep.org\/wp-content\/uploads\/2020\/10\/can-jeroni-fachada-trasera-1024x683.jpg 1024w, https:\/\/cultura.santjosep.org\/wp-content\/uploads\/2020\/10\/can-jeroni-fachada-trasera-300x200.jpg 300w, https:\/\/cultura.santjosep.org\/wp-content\/uploads\/2020\/10\/can-jeroni-fachada-trasera-768x512.jpg 768w, https:\/\/cultura.santjosep.org\/wp-content\/uploads\/2020\/10\/can-jeroni-fachada-trasera-1536x1024.jpg 1536w, https:\/\/cultura.santjosep.org\/wp-content\/uploads\/2020\/10\/can-jeroni-fachada-trasera-2048x1365.jpg 2048w, https:\/\/cultura.santjosep.org\/wp-content\/uploads\/2020\/10\/can-jeroni-fachada-trasera-1568x1045.jpg 1568w, https:\/\/cultura.santjosep.org\/wp-content\/uploads\/2020\/10\/can-jeroni-fachada-trasera-450x300.jpg 450w\" sizes=\"auto, (max-width: 640px) 100vw, 640px\" \/><\/p>","slug":"centro-de-cultura-can-jeroni","image":{"url":"https:\/\/cultura.santjosep.org\/wp-content\/uploads\/2020\/10\/logo_canjeroni.png","id":2671,"extension":"png","width":1107,"height":507,"sizes":{"medium":{"width":300,"height":137,"mime-type":"image\/png","url":"https:\/\/cultura.santjosep.org\/wp-content\/uploads\/2020\/10\/logo_canjeroni-300x137.png"},"large":{"width":1024,"height":469,"mime-type":"image\/png","url":"https:\/\/cultura.santjosep.org\/wp-content\/uploads\/2020\/10\/logo_canjeroni-1024x469.png"},"thumbnail":{"width":150,"height":150,"mime-type":"image\/png","url":"https:\/\/cultura.santjosep.org\/wp-content\/uploads\/2020\/10\/logo_canjeroni-150x150.png"},"medium_large":{"width":768,"height":352,"mime-type":"image\/png","url":"https:\/\/cultura.santjosep.org\/wp-content\/uploads\/2020\/10\/logo_canjeroni-768x352.png"},"woocommerce_thumbnail":{"width":300,"height":300,"mime-type":"image\/png","url":"https:\/\/cultura.santjosep.org\/wp-content\/uploads\/2020\/10\/logo_canjeroni-300x300.png"},"woocommerce_single":{"width":450,"height":206,"mime-type":"image\/png","url":"https:\/\/cultura.santjosep.org\/wp-content\/uploads\/2020\/10\/logo_canjeroni-450x206.png"},"woocommerce_gallery_thumbnail":{"width":100,"height":100,"mime-type":"image\/png","url":"https:\/\/cultura.santjosep.org\/wp-content\/uploads\/2020\/10\/logo_canjeroni-100x100.png"},"shop_catalog":{"width":300,"height":300,"mime-type":"image\/png","url":"https:\/\/cultura.santjosep.org\/wp-content\/uploads\/2020\/10\/logo_canjeroni-300x300.png"},"shop_single":{"width":450,"height":206,"mime-type":"image\/png","url":"https:\/\/cultura.santjosep.org\/wp-content\/uploads\/2020\/10\/logo_canjeroni-450x206.png"},"shop_thumbnail":{"width":100,"height":100,"mime-type":"image\/png","url":"https:\/\/cultura.santjosep.org\/wp-content\/uploads\/2020\/10\/logo_canjeroni-100x100.png"}}},"address":"Carrer sa Talaia, 16","city":"Sant Josep de sa Talaia","country":"Espa\u00f1a","province":"Illes Balears","zip":"07830","phone":"971 801 513","website":"https:\/\/www.facebook.com\/CanJeronicentredecultura\/","stateprovince":"Illes Balears","geo_lat":38.921593999999998914063326083123683929443359375,"geo_lng":1.2927750000000000074606987254810519516468048095703125,"json_ld":{"@type":"Place","name":"Centro de Cultura Can Jeroni","description":"","image":"https:\/\/cultura.santjosep.org\/wp-content\/uploads\/2020\/10\/logo_canjeroni.png","url":"https:\/\/cultura.santjosep.org\/es\/local\/centro-de-cultura-can-jeroni\/","address":{"@type":"PostalAddress","streetAddress":"Carrer sa Talaia, 16","addressLocality":"Sant Josep de sa Talaia","addressRegion":"Illes Balears","postalCode":"07830","addressCountry":"Espa\u00f1a"},"geo":{"@type":"GeoCoordinates","latitude":38.921593999999998914063326083123683929443359375,"longitude":1.2927750000000000074606987254810519516468048095703125},"telephone":"971 801 513","sameAs":"https:\/\/www.facebook.com\/CanJeronicentredecultura\/"},"show_map":true,"show_map_link":true,"global_id":"cultura.santjosep.org\/es\/?id=284","global_id_lineage":["cultura.santjosep.org\/es\/?id=284"]},"organizer":[],"custom_fields":[],"json_ld":{"@context":"http:\/\/schema.org","@type":"Event","name":"Cine infantil &#8211; \u00abLa revolta dels contes\u00bb","description":"&lt;p&gt;&quot;La revolta dels contes&quot; | 2016 | CATAL\u00c1N Duraci\u00f3n: 61 min. Reino Unido Direcci\u00f3n: Jakob Schuh, Jan Lachauer, Bin-Han To Sinopsis: C\u00f3mo reinventar cuentos de hadas con humor e inteligencia. &hellip; &lt;\/p&gt;\\n&lt;p class=&quot;link-more&quot;&gt;&lt;a href=&quot;https:\/\/cultura.santjosep.org\/es\/agenda\/cine-infantil-la-revolta-dels-contes\/&quot; class=&quot;more-link&quot;&gt;Seguir leyendo&lt;span class=&quot;screen-reader-text&quot;&gt; \u00abCine infantil &#8211; \u00abLa revolta dels contes\u00bb\u00bb&lt;\/span&gt;&lt;\/a&gt;&lt;\/p&gt;\\n","image":"https:\/\/cultura.santjosep.org\/wp-content\/uploads\/2021\/03\/maxresdefault-1.jpg","url":"https:\/\/cultura.santjosep.org\/es\/agenda\/cine-infantil-la-revolta-dels-contes\/","eventAttendanceMode":"https:\/\/schema.org\/OfflineEventAttendanceMode","eventStatus":"https:\/\/schema.org\/EventScheduled","startDate":"2021-03-07T18:00:00+01:00","endDate":"2021-03-07T18:00:00+01:00","location":{"@type":"Place","name":"Centro de Cultura Can Jeroni","description":"","image":"https:\/\/cultura.santjosep.org\/wp-content\/uploads\/2020\/10\/logo_canjeroni.png","url":"https:\/\/cultura.santjosep.org\/es\/local\/centro-de-cultura-can-jeroni\/","address":{"@type":"PostalAddress","streetAddress":"Carrer sa Talaia, 16","addressLocality":"Sant Josep de sa Talaia","addressRegion":"Illes Balears","postalCode":"07830","addressCountry":"Espa\u00f1a"},"geo":{"@type":"GeoCoordinates","latitude":38.921593999999998914063326083123683929443359375,"longitude":1.2927750000000000074606987254810519516468048095703125},"telephone":"971 801 513","sameAs":"https:\/\/www.facebook.com\/CanJeronicentredecultura\/"},"offers":{"@type":"Offer","price":"0","priceCurrency":"USD","url":"https:\/\/cultura.santjosep.org\/es\/agenda\/cine-infantil-la-revolta-dels-contes\/","category":"primary","availability":"inStock","validFrom":"1970-01-01T00:00:00+00:00"},"performer":"Organization"},"is_virtual":false,"virtual_url":null,"virtual_video_source":""}