{"id":7580,"global_id":"cultura.santjosep.org\/es\/?id=7580","global_id_lineage":["cultura.santjosep.org\/es\/?id=7580"],"author":"1","status":"publish","date":"2021-08-16 15:21:10","date_utc":"2021-08-16 13:21:10","modified":"2021-08-19 11:01:19","modified_utc":"2021-08-19 09:01:19","url":"https:\/\/cultura.santjosep.org\/es\/agenda\/conferencia-ses-casetes-de-pescadors-un-be-patrimonial-del-segle-xx\/","rest_url":"https:\/\/cultura.santjosep.org\/es\/wp-json\/tribe\/events\/v1\/events\/7580","title":"Confer\u00e8ncia &#8211; \u201cSes casetes de pescadors, un b\u00e9 patrimonial del segle xx\u201d","description":"<p>11.00 h Confer\u00e8ncia a c\u00e0rrec de Pep Hereva, \u201cSes casetes de pescadors, un b\u00e9 patrimonial del segle xx\u201d.  A Can Curt . L\u2019organitza l\u2019Associaci\u00f3 de Majors de Sant Agust\u00ed.<\/p>","excerpt":"","slug":"conferencia-ses-casetes-de-pescadors-un-be-patrimonial-del-segle-xx","image":{"url":"https:\/\/cultura.santjosep.org\/wp-content\/uploads\/2021\/08\/Captura-de-pantalla-2021-08-16-a-las-13.16.26.png","id":7545,"extension":"png","width":606,"height":470,"sizes":{"medium":{"width":300,"height":233,"mime-type":"image\/png","url":"https:\/\/cultura.santjosep.org\/wp-content\/uploads\/2021\/08\/Captura-de-pantalla-2021-08-16-a-las-13.16.26-300x233.png"},"thumbnail":{"width":150,"height":150,"mime-type":"image\/png","url":"https:\/\/cultura.santjosep.org\/wp-content\/uploads\/2021\/08\/Captura-de-pantalla-2021-08-16-a-las-13.16.26-150x150.png"}}},"all_day":false,"start_date":"2021-09-05 11:00:00","start_date_details":{"year":"2021","month":"09","day":"05","hour":"11","minutes":"00","seconds":"00"},"end_date":"2021-09-05 11:00:00","end_date_details":{"year":"2021","month":"09","day":"05","hour":"11","minutes":"00","seconds":"00"},"utc_start_date":"2021-09-05 09:00:00","utc_start_date_details":{"year":"2021","month":"09","day":"05","hour":"09","minutes":"00","seconds":"00"},"utc_end_date":"2021-09-05 09:00:00","utc_end_date_details":{"year":"2021","month":"09","day":"05","hour":"09","minutes":"00","seconds":"00"},"timezone":"Europe\/Madrid","timezone_abbr":"CEST","cost":"","cost_details":{"currency_symbol":"","currency_code":"","currency_position":"suffix","values":[]},"website":"","show_map":true,"show_map_link":true,"hide_from_listings":false,"sticky":false,"featured":false,"categories":[{"name":"Charlas, presentaciones y conferencias","slug":"charlas-presentaciones-y-conferencias","term_group":0,"term_taxonomy_id":37,"taxonomy":"tribe_events_cat","description":"","parent":0,"count":66,"filter":"raw","id":37,"urls":{"self":"https:\/\/cultura.santjosep.org\/es\/wp-json\/tribe\/events\/v1\/categories\/37","collection":"https:\/\/cultura.santjosep.org\/es\/wp-json\/tribe\/events\/v1\/categories"}}],"tags":[],"venue":{"id":2654,"author":"1","status":"publish","date":"2020-10-28 08:32:44","date_utc":"2020-10-28 07:32:44","modified":"2020-10-28 08:49:00","modified_utc":"2020-10-28 07:49:00","url":"https:\/\/cultura.santjosep.org\/es\/local\/sala-de-exposiciones-de-can-curt\/","venue":"Sala de exposiciones de Can Curt","description":"<p><img loading=\"lazy\" decoding=\"async\" class=\"alignnone wp-image-2655 size-full\" src=\"https:\/\/cultura.santjosep.org\/wp-content\/uploads\/2020\/10\/cancurt_IMG_2597.jpg\" alt=\"\" width=\"800\" height=\"533\" srcset=\"https:\/\/cultura.santjosep.org\/wp-content\/uploads\/2020\/10\/cancurt_IMG_2597.jpg 800w, https:\/\/cultura.santjosep.org\/wp-content\/uploads\/2020\/10\/cancurt_IMG_2597-300x200.jpg 300w, https:\/\/cultura.santjosep.org\/wp-content\/uploads\/2020\/10\/cancurt_IMG_2597-768x512.jpg 768w, https:\/\/cultura.santjosep.org\/wp-content\/uploads\/2020\/10\/cancurt_IMG_2597-450x300.jpg 450w\" sizes=\"auto, (max-width: 800px) 100vw, 800px\" \/><\/p>","slug":"sala-de-exposiciones-de-can-curt","image":{"url":"https:\/\/cultura.santjosep.org\/wp-content\/uploads\/2020\/10\/logocancurt.png","id":2669,"extension":"png","width":1180,"height":411,"sizes":{"medium":{"width":300,"height":104,"mime-type":"image\/png","url":"https:\/\/cultura.santjosep.org\/wp-content\/uploads\/2020\/10\/logocancurt-300x104.png"},"large":{"width":1024,"height":357,"mime-type":"image\/png","url":"https:\/\/cultura.santjosep.org\/wp-content\/uploads\/2020\/10\/logocancurt-1024x357.png"},"thumbnail":{"width":150,"height":150,"mime-type":"image\/png","url":"https:\/\/cultura.santjosep.org\/wp-content\/uploads\/2020\/10\/logocancurt-150x150.png"},"medium_large":{"width":768,"height":267,"mime-type":"image\/png","url":"https:\/\/cultura.santjosep.org\/wp-content\/uploads\/2020\/10\/logocancurt-768x267.png"},"woocommerce_thumbnail":{"width":300,"height":300,"mime-type":"image\/png","url":"https:\/\/cultura.santjosep.org\/wp-content\/uploads\/2020\/10\/logocancurt-300x300.png"},"woocommerce_single":{"width":450,"height":157,"mime-type":"image\/png","url":"https:\/\/cultura.santjosep.org\/wp-content\/uploads\/2020\/10\/logocancurt-450x157.png"},"woocommerce_gallery_thumbnail":{"width":100,"height":100,"mime-type":"image\/png","url":"https:\/\/cultura.santjosep.org\/wp-content\/uploads\/2020\/10\/logocancurt-100x100.png"},"shop_catalog":{"width":300,"height":300,"mime-type":"image\/png","url":"https:\/\/cultura.santjosep.org\/wp-content\/uploads\/2020\/10\/logocancurt-300x300.png"},"shop_single":{"width":450,"height":157,"mime-type":"image\/png","url":"https:\/\/cultura.santjosep.org\/wp-content\/uploads\/2020\/10\/logocancurt-450x157.png"},"shop_thumbnail":{"width":100,"height":100,"mime-type":"image\/png","url":"https:\/\/cultura.santjosep.org\/wp-content\/uploads\/2020\/10\/logocancurt-100x100.png"}}},"address":"Pla\u00e7a de la esgl\u00e9sia","city":"Sant Agust\u00ed des Vedr\u00e0","province":"Illes Balears","zip":"07829","stateprovince":"Illes Balears","geo_lat":38.94128599999999806868800078518688678741455078125,"geo_lng":1.2937665000000000414814849136746488511562347412109375,"json_ld":{"@type":"Place","name":"Sala de exposiciones de Can Curt","description":"","image":"https:\/\/cultura.santjosep.org\/wp-content\/uploads\/2020\/10\/logocancurt.png","url":"https:\/\/cultura.santjosep.org\/es\/local\/sala-de-exposiciones-de-can-curt\/","address":{"@type":"PostalAddress","streetAddress":"Pla\u00e7a de la esgl\u00e9sia","addressLocality":"Sant Agust\u00ed des Vedr\u00e0","addressRegion":"Illes Balears","postalCode":"07829"},"geo":{"@type":"GeoCoordinates","latitude":38.94128599999999806868800078518688678741455078125,"longitude":1.2937665000000000414814849136746488511562347412109375},"telephone":"","sameAs":""},"show_map":true,"show_map_link":true,"global_id":"cultura.santjosep.org\/es\/?id=2654","global_id_lineage":["cultura.santjosep.org\/es\/?id=2654"]},"organizer":[],"custom_fields":[],"json_ld":{"@context":"http:\/\/schema.org","@type":"Event","name":"Confer\u00e8ncia &#8211; \u201cSes casetes de pescadors, un b\u00e9 patrimonial del segle xx\u201d","description":"&lt;p&gt;11.00 h Confer\u00e8ncia a c\u00e0rrec de Pep Hereva, \u201cSes casetes de pescadors, un b\u00e9 patrimonial del segle xx\u201d. A Can Curt . L\u2019organitza l\u2019Associaci\u00f3 de Majors de Sant Agust\u00ed.&lt;\/p&gt;\\n","image":"https:\/\/cultura.santjosep.org\/wp-content\/uploads\/2021\/08\/Captura-de-pantalla-2021-08-16-a-las-13.16.26.png","url":"https:\/\/cultura.santjosep.org\/es\/agenda\/conferencia-ses-casetes-de-pescadors-un-be-patrimonial-del-segle-xx\/","eventAttendanceMode":"https:\/\/schema.org\/OfflineEventAttendanceMode","eventStatus":"https:\/\/schema.org\/EventScheduled","startDate":"2021-09-05T11:00:00+02:00","endDate":"2021-09-05T11:00:00+02:00","location":{"@type":"Place","name":"Sala de exposiciones de Can Curt","description":"","image":"https:\/\/cultura.santjosep.org\/wp-content\/uploads\/2020\/10\/logocancurt.png","url":"https:\/\/cultura.santjosep.org\/es\/local\/sala-de-exposiciones-de-can-curt\/","address":{"@type":"PostalAddress","streetAddress":"Pla\u00e7a de la esgl\u00e9sia","addressLocality":"Sant Agust\u00ed des Vedr\u00e0","addressRegion":"Illes Balears","postalCode":"07829"},"geo":{"@type":"GeoCoordinates","latitude":38.94128599999999806868800078518688678741455078125,"longitude":1.2937665000000000414814849136746488511562347412109375},"telephone":"","sameAs":""},"performer":"Organization"},"is_virtual":false,"virtual_url":null,"virtual_video_source":""}