{"id":7715,"global_id":"cultura.santjosep.org\/es\/?id=7715","global_id_lineage":["cultura.santjosep.org\/es\/?id=7715"],"author":"1","status":"publish","date":"2021-09-02 12:15:42","date_utc":"2021-09-02 10:15:42","modified":"2021-09-02 12:16:21","modified_utc":"2021-09-02 10:16:21","url":"https:\/\/cultura.santjosep.org\/es\/agenda\/ii-edicio-festival-territori\/","rest_url":"https:\/\/cultura.santjosep.org\/es\/wp-json\/tribe\/events\/v1\/events\/7715","title":"II Edici\u00f3 Festival Territori","description":"<p>II edici\u00f3 del Festival Territori Ibiza Performance Art Festival.<br \/>\nActes al municipi de Sant Josep del 15 al 26 de setembre. M\u00e9s informaci\u00f3 a la p\u00e0gina web:<br \/>\n<a href=\"https:\/\/territorifestival.com\/\">territorifestival.com<\/a><\/p>\n<p><img loading=\"lazy\" decoding=\"async\" class=\"alignnone wp-image-7712 size-full\" src=\"https:\/\/cultura.santjosep.org\/wp-content\/uploads\/2021\/09\/240896382_392592708947782_7344648384049871258_n-scaled.jpg\" alt=\"\" width=\"2560\" height=\"1237\" srcset=\"https:\/\/cultura.santjosep.org\/wp-content\/uploads\/2021\/09\/240896382_392592708947782_7344648384049871258_n-scaled.jpg 2560w, https:\/\/cultura.santjosep.org\/wp-content\/uploads\/2021\/09\/240896382_392592708947782_7344648384049871258_n-300x145.jpg 300w, https:\/\/cultura.santjosep.org\/wp-content\/uploads\/2021\/09\/240896382_392592708947782_7344648384049871258_n-1024x495.jpg 1024w, https:\/\/cultura.santjosep.org\/wp-content\/uploads\/2021\/09\/240896382_392592708947782_7344648384049871258_n-768x371.jpg 768w, https:\/\/cultura.santjosep.org\/wp-content\/uploads\/2021\/09\/240896382_392592708947782_7344648384049871258_n-1536x742.jpg 1536w, https:\/\/cultura.santjosep.org\/wp-content\/uploads\/2021\/09\/240896382_392592708947782_7344648384049871258_n-2048x989.jpg 2048w, https:\/\/cultura.santjosep.org\/wp-content\/uploads\/2021\/09\/240896382_392592708947782_7344648384049871258_n-1568x757.jpg 1568w, https:\/\/cultura.santjosep.org\/wp-content\/uploads\/2021\/09\/240896382_392592708947782_7344648384049871258_n-1320x638.jpg 1320w\" sizes=\"auto, (max-width: 2560px) 100vw, 2560px\" \/><\/p>","excerpt":"","slug":"ii-edicio-festival-territori","image":{"url":"https:\/\/cultura.santjosep.org\/wp-content\/uploads\/2021\/09\/241020991_394495768757476_5514063236204822939_n.jpg","id":7711,"extension":"jpg","width":1250,"height":1768,"sizes":{"medium":{"width":212,"height":300,"mime-type":"image\/jpeg","url":"https:\/\/cultura.santjosep.org\/wp-content\/uploads\/2021\/09\/241020991_394495768757476_5514063236204822939_n-212x300.jpg"},"large":{"width":724,"height":1024,"mime-type":"image\/jpeg","url":"https:\/\/cultura.santjosep.org\/wp-content\/uploads\/2021\/09\/241020991_394495768757476_5514063236204822939_n-724x1024.jpg"},"thumbnail":{"width":150,"height":150,"mime-type":"image\/jpeg","url":"https:\/\/cultura.santjosep.org\/wp-content\/uploads\/2021\/09\/241020991_394495768757476_5514063236204822939_n-150x150.jpg"},"medium_large":{"width":768,"height":1086,"mime-type":"image\/jpeg","url":"https:\/\/cultura.santjosep.org\/wp-content\/uploads\/2021\/09\/241020991_394495768757476_5514063236204822939_n-768x1086.jpg"},"1536x1536":{"width":1086,"height":1536,"mime-type":"image\/jpeg","url":"https:\/\/cultura.santjosep.org\/wp-content\/uploads\/2021\/09\/241020991_394495768757476_5514063236204822939_n-1086x1536.jpg"}}},"all_day":true,"start_date":"2021-09-15 00:00:00","start_date_details":{"year":"2021","month":"09","day":"15","hour":"00","minutes":"00","seconds":"00"},"end_date":"2021-09-26 23:59:59","end_date_details":{"year":"2021","month":"09","day":"26","hour":"23","minutes":"59","seconds":"59"},"utc_start_date":"2021-09-14 22:00:00","utc_start_date_details":{"year":"2021","month":"09","day":"14","hour":"22","minutes":"00","seconds":"00"},"utc_end_date":"2021-09-26 21:59:59","utc_end_date_details":{"year":"2021","month":"09","day":"26","hour":"21","minutes":"59","seconds":"59"},"timezone":"Europe\/Madrid","timezone_abbr":"CEST","cost":"","cost_details":{"currency_symbol":"","currency_code":"","currency_position":"suffix","values":[]},"website":"","show_map":true,"show_map_link":true,"hide_from_listings":false,"sticky":false,"featured":false,"categories":[{"name":"Espect\u00e1culos","slug":"espectaculos","term_group":0,"term_taxonomy_id":63,"taxonomy":"tribe_events_cat","description":"","parent":0,"count":54,"filter":"raw","id":63,"urls":{"self":"https:\/\/cultura.santjosep.org\/es\/wp-json\/tribe\/events\/v1\/categories\/63","collection":"https:\/\/cultura.santjosep.org\/es\/wp-json\/tribe\/events\/v1\/categories"}}],"tags":[],"venue":{"id":5158,"author":"1","status":"publish","date":"2021-01-26 08:45:19","date_utc":"2021-01-26 07:45:19","modified":"2023-10-18 16:04:30","modified_utc":"2023-10-18 14:04:30","url":"https:\/\/cultura.santjosep.org\/local\/parc-natural-de-ses-salines-deivissa-i-formentera\/","venue":"Parc Natural de ses Salines d&#8217;Eivissa i Formentera","slug":"parc-natural-de-ses-salines-deivissa-i-formentera","address":"Parc Natural de ses Salines d'Eivissa i Formentera","city":"Sant Josep de sa Talaia","province":"Illes Balears","zip":"07818","stateprovince":"Illes Balears","geo_lat":38.879480758558003117286716587841510772705078125,"geo_lng":1.389548255847600000123520658235065639019012451171875,"json_ld":{"@type":"Place","name":"Parc Natural de ses Salines d&#8217;Eivissa i Formentera","description":"","url":"https:\/\/cultura.santjosep.org\/local\/parc-natural-de-ses-salines-deivissa-i-formentera\/","address":{"@type":"PostalAddress","streetAddress":"Parc Natural de ses Salines d&#039;Eivissa i Formentera","addressLocality":"Sant Josep de sa Talaia","addressRegion":"Illes Balears","postalCode":"07818"},"geo":{"@type":"GeoCoordinates","latitude":38.879480758558003117286716587841510772705078125,"longitude":1.389548255847600000123520658235065639019012451171875},"telephone":"","sameAs":""},"show_map":true,"show_map_link":true,"global_id":"cultura.santjosep.org\/es\/?id=5158","global_id_lineage":["cultura.santjosep.org\/es\/?id=5158"]},"organizer":[],"custom_fields":[],"json_ld":{"@context":"http:\/\/schema.org","@type":"Event","name":"II Edici\u00f3 Festival Territori","description":"&lt;p&gt;II edici\u00f3 del Festival Territori Ibiza Performance Art Festival. Actes al municipi de Sant Josep del 15 al 26 de setembre. M\u00e9s informaci\u00f3 a la p\u00e0gina web: territorifestival.com&lt;\/p&gt;\\n","image":"https:\/\/cultura.santjosep.org\/wp-content\/uploads\/2021\/09\/241020991_394495768757476_5514063236204822939_n.jpg","url":"https:\/\/cultura.santjosep.org\/es\/agenda\/ii-edicio-festival-territori\/","eventAttendanceMode":"https:\/\/schema.org\/OfflineEventAttendanceMode","eventStatus":"https:\/\/schema.org\/EventScheduled","startDate":"2021-09-15T00:00:00+02:00","endDate":"2021-09-26T23:59:59+02:00","location":{"@type":"Place","name":"Parc Natural de ses Salines d&#8217;Eivissa i Formentera","description":"","url":"https:\/\/cultura.santjosep.org\/local\/parc-natural-de-ses-salines-deivissa-i-formentera\/","address":{"@type":"PostalAddress","streetAddress":"Parc Natural de ses Salines d&#039;Eivissa i Formentera","addressLocality":"Sant Josep de sa Talaia","addressRegion":"Illes Balears","postalCode":"07818"},"geo":{"@type":"GeoCoordinates","latitude":38.879480758558003117286716587841510772705078125,"longitude":1.389548255847600000123520658235065639019012451171875},"telephone":"","sameAs":""},"performer":"Organization"},"is_virtual":false,"virtual_url":null,"virtual_video_source":""}