{"id":8119,"global_id":"cultura.santjosep.org\/es\/?id=8119","global_id_lineage":["cultura.santjosep.org\/es\/?id=8119"],"author":"1","status":"publish","date":"2021-10-04 12:41:49","date_utc":"2021-10-04 10:41:49","modified":"2021-10-05 12:06:14","modified_utc":"2021-10-05 10:06:14","url":"https:\/\/cultura.santjosep.org\/es\/agenda\/presentacio-del-llibre-enologia-de-los-vientos-amb-lautora-belen-linan\/","rest_url":"https:\/\/cultura.santjosep.org\/es\/wp-json\/tribe\/events\/v1\/events\/8119","title":"Presentaci\u00f3 del llibre \u2018Enolog\u00eda de los vientos\u2019 amb l\u2019autora Bel\u00e9n Li\u00f1\u00e1n","description":"<p>18 h | Presentaci\u00f3 del llibre \u2018Enolog\u00eda de los vientos\u2019 amb l\u2019autora Bel\u00e9n Li\u00f1\u00e1n, a la pla\u00e7a de l\u2019Esgl\u00e9sia de Sant Jordi. Fa falta inscripci\u00f3 pr\u00e8via al 971308688 o a <a href=\"mailto:bibliosantjordi@santjosep.org.\">bibliosantjordi@santjosep.org<\/a><\/p>\n<p>&nbsp;<\/p>\n<p><img loading=\"lazy\" decoding=\"async\" class=\"alignnone wp-image-8112 size-full\" src=\"https:\/\/cultura.santjosep.org\/wp-content\/uploads\/2021\/10\/cartelloctubre21a.png\" alt=\"\" width=\"1080\" height=\"1080\" srcset=\"https:\/\/cultura.santjosep.org\/wp-content\/uploads\/2021\/10\/cartelloctubre21a.png 1080w, https:\/\/cultura.santjosep.org\/wp-content\/uploads\/2021\/10\/cartelloctubre21a-300x300.png 300w, https:\/\/cultura.santjosep.org\/wp-content\/uploads\/2021\/10\/cartelloctubre21a-1024x1024.png 1024w, https:\/\/cultura.santjosep.org\/wp-content\/uploads\/2021\/10\/cartelloctubre21a-150x150.png 150w, https:\/\/cultura.santjosep.org\/wp-content\/uploads\/2021\/10\/cartelloctubre21a-768x768.png 768w\" sizes=\"auto, (max-width: 1080px) 100vw, 1080px\" \/><\/p>","excerpt":"","slug":"presentacio-del-llibre-enologia-de-los-vientos-amb-lautora-belen-linan","image":{"url":"https:\/\/cultura.santjosep.org\/wp-content\/uploads\/2021\/10\/978841875620.gif","id":8185,"extension":"gif","width":270,"height":405,"sizes":{"medium":{"width":200,"height":300,"mime-type":"image\/gif","url":"https:\/\/cultura.santjosep.org\/wp-content\/uploads\/2021\/10\/978841875620-200x300.gif"},"thumbnail":{"width":150,"height":150,"mime-type":"image\/gif","url":"https:\/\/cultura.santjosep.org\/wp-content\/uploads\/2021\/10\/978841875620-150x150.gif"}}},"all_day":false,"start_date":"2021-10-08 18:00:00","start_date_details":{"year":"2021","month":"10","day":"08","hour":"18","minutes":"00","seconds":"00"},"end_date":"2021-10-08 18:00:00","end_date_details":{"year":"2021","month":"10","day":"08","hour":"18","minutes":"00","seconds":"00"},"utc_start_date":"2021-10-08 16:00:00","utc_start_date_details":{"year":"2021","month":"10","day":"08","hour":"16","minutes":"00","seconds":"00"},"utc_end_date":"2021-10-08 16:00:00","utc_end_date_details":{"year":"2021","month":"10","day":"08","hour":"16","minutes":"00","seconds":"00"},"timezone":"Europe\/Madrid","timezone_abbr":"CEST","cost":"","cost_details":{"currency_symbol":"","currency_code":"","currency_position":"suffix","values":[]},"website":"","show_map":true,"show_map_link":true,"hide_from_listings":false,"sticky":false,"featured":false,"categories":[{"name":"Otros","slug":"otros","term_group":0,"term_taxonomy_id":61,"taxonomy":"tribe_events_cat","description":"","parent":0,"count":99,"filter":"raw","id":61,"urls":{"self":"https:\/\/cultura.santjosep.org\/es\/wp-json\/tribe\/events\/v1\/categories\/61","collection":"https:\/\/cultura.santjosep.org\/es\/wp-json\/tribe\/events\/v1\/categories"}}],"tags":[],"venue":{"id":153,"author":"1","status":"publish","date":"2020-10-05 14:45:53","date_utc":"2020-10-05 12:45:53","modified":"2020-10-05 14:45:53","modified_utc":"2020-10-05 12:45:53","url":"https:\/\/cultura.santjosep.org\/local\/biblioteca-vicent-serra-i-orvay\/","venue":"Biblioteca Vicent Serra i Orvay","slug":"biblioteca-vicent-serra-i-orvay","address":"Carrer de la Pla\u00e7a Major, 9","city":"Sant Jordi de ses Salines","country":"Espa\u00f1a","province":"Illes Balears","zip":"07817","stateprovince":"Illes Balears","json_ld":{"@type":"Place","name":"Biblioteca Vicent Serra i Orvay","description":"","url":"https:\/\/cultura.santjosep.org\/local\/biblioteca-vicent-serra-i-orvay\/","address":{"@type":"PostalAddress","streetAddress":"Carrer de la Pla\u00e7a Major, 9","addressLocality":"Sant Jordi de ses Salines","addressRegion":"Illes Balears","postalCode":"07817","addressCountry":"Espa\u00f1a"},"telephone":"","sameAs":""},"show_map":true,"show_map_link":true,"global_id":"cultura.santjosep.org\/es\/?id=153","global_id_lineage":["cultura.santjosep.org\/es\/?id=153"]},"organizer":[],"custom_fields":[],"json_ld":{"@context":"http:\/\/schema.org","@type":"Event","name":"Presentaci\u00f3 del llibre \u2018Enolog\u00eda de los vientos\u2019 amb l\u2019autora Bel\u00e9n Li\u00f1\u00e1n","description":"&lt;p&gt;18 h | Presentaci\u00f3 del llibre \u2018Enolog\u00eda de los vientos\u2019 amb l\u2019autora Bel\u00e9n Li\u00f1\u00e1n, a la pla\u00e7a de l\u2019Esgl\u00e9sia de Sant Jordi. Fa falta inscripci\u00f3 pr\u00e8via al 971308688 o a &hellip; &lt;\/p&gt;\\n&lt;p class=&quot;link-more&quot;&gt;&lt;a href=&quot;https:\/\/cultura.santjosep.org\/es\/agenda\/presentacio-del-llibre-enologia-de-los-vientos-amb-lautora-belen-linan\/&quot; class=&quot;more-link&quot;&gt;Seguir leyendo&lt;span class=&quot;screen-reader-text&quot;&gt; \u00abPresentaci\u00f3 del llibre \u2018Enolog\u00eda de los vientos\u2019 amb l\u2019autora Bel\u00e9n Li\u00f1\u00e1n\u00bb&lt;\/span&gt;&lt;\/a&gt;&lt;\/p&gt;\\n","image":"https:\/\/cultura.santjosep.org\/wp-content\/uploads\/2021\/10\/978841875620.gif","url":"https:\/\/cultura.santjosep.org\/es\/agenda\/presentacio-del-llibre-enologia-de-los-vientos-amb-lautora-belen-linan\/","eventAttendanceMode":"https:\/\/schema.org\/OfflineEventAttendanceMode","eventStatus":"https:\/\/schema.org\/EventScheduled","startDate":"2021-10-08T18:00:00+02:00","endDate":"2021-10-08T18:00:00+02:00","location":{"@type":"Place","name":"Biblioteca Vicent Serra i Orvay","description":"","url":"https:\/\/cultura.santjosep.org\/local\/biblioteca-vicent-serra-i-orvay\/","address":{"@type":"PostalAddress","streetAddress":"Carrer de la Pla\u00e7a Major, 9","addressLocality":"Sant Jordi de ses Salines","addressRegion":"Illes Balears","postalCode":"07817","addressCountry":"Espa\u00f1a"},"telephone":"","sameAs":""},"performer":"Organization"},"is_virtual":false,"virtual_url":null,"virtual_video_source":""}