{"id":9756,"global_id":"cultura.santjosep.org\/es\/?id=9756","global_id_lineage":["cultura.santjosep.org\/es\/?id=9756"],"author":"1","status":"publish","date":"2021-12-02 15:50:20","date_utc":"2021-12-02 14:50:20","modified":"2021-12-02 15:50:41","modified_utc":"2021-12-02 14:50:41","url":"https:\/\/cultura.santjosep.org\/es\/agenda\/actuacio-del-cor-encantades\/","rest_url":"https:\/\/cultura.santjosep.org\/es\/wp-json\/tribe\/events\/v1\/events\/9756","title":"Actuaci\u00f3 del cor Encantades","description":"<p>20.00 h\u00a0 | <strong>Actuaci\u00f3 del cor Encantades<\/strong> a l&#8217;esgl\u00e9sia de Sant Jordi.<\/p>","excerpt":"","slug":"actuacio-del-cor-encantades","image":{"url":"https:\/\/cultura.santjosep.org\/wp-content\/uploads\/2021\/12\/corencantades.jpg","id":9564,"extension":"jpg","width":1280,"height":548,"sizes":{"medium":{"width":300,"height":128,"mime-type":"image\/jpeg","url":"https:\/\/cultura.santjosep.org\/wp-content\/uploads\/2021\/12\/corencantades-300x128.jpg"},"large":{"width":1024,"height":438,"mime-type":"image\/jpeg","url":"https:\/\/cultura.santjosep.org\/wp-content\/uploads\/2021\/12\/corencantades-1024x438.jpg"},"thumbnail":{"width":150,"height":150,"mime-type":"image\/jpeg","url":"https:\/\/cultura.santjosep.org\/wp-content\/uploads\/2021\/12\/corencantades-150x150.jpg"},"medium_large":{"width":768,"height":329,"mime-type":"image\/jpeg","url":"https:\/\/cultura.santjosep.org\/wp-content\/uploads\/2021\/12\/corencantades-768x329.jpg"}}},"all_day":false,"start_date":"2021-12-18 20:00:00","start_date_details":{"year":"2021","month":"12","day":"18","hour":"20","minutes":"00","seconds":"00"},"end_date":"2021-12-18 20:00:00","end_date_details":{"year":"2021","month":"12","day":"18","hour":"20","minutes":"00","seconds":"00"},"utc_start_date":"2021-12-18 19:00:00","utc_start_date_details":{"year":"2021","month":"12","day":"18","hour":"19","minutes":"00","seconds":"00"},"utc_end_date":"2021-12-18 19:00:00","utc_end_date_details":{"year":"2021","month":"12","day":"18","hour":"19","minutes":"00","seconds":"00"},"timezone":"Europe\/Madrid","timezone_abbr":"CET","cost":"","cost_details":{"currency_symbol":"","currency_code":"","currency_position":"suffix","values":[]},"website":"","show_map":true,"show_map_link":true,"hide_from_listings":false,"sticky":false,"featured":false,"categories":[],"tags":[],"venue":{"id":4403,"author":"1","status":"publish","date":"2020-12-01 10:40:11","date_utc":"2020-12-01 09:40:11","modified":"2020-12-15 08:32:04","modified_utc":"2020-12-15 07:32:04","url":"https:\/\/cultura.santjosep.org\/local\/esglesia-de-sant-jordi\/","venue":"Esgl\u00e9sia de Sant Jordi","slug":"esglesia-de-sant-jordi","city":"Sant Jordi de Ses Salines","country":"Espa\u00f1a","json_ld":{"@type":"Place","name":"Esgl\u00e9sia de Sant Jordi","description":"","url":"https:\/\/cultura.santjosep.org\/local\/esglesia-de-sant-jordi\/","address":{"@type":"PostalAddress","addressLocality":"Sant Jordi de Ses Salines","addressCountry":"Espa\u00f1a"},"telephone":"","sameAs":""},"show_map":true,"show_map_link":true,"global_id":"cultura.santjosep.org\/es\/?id=4403","global_id_lineage":["cultura.santjosep.org\/es\/?id=4403"]},"organizer":[],"custom_fields":[],"json_ld":{"@context":"http:\/\/schema.org","@type":"Event","name":"Actuaci\u00f3 del cor Encantades","description":"&lt;p&gt;20.00 h\u00a0 | Actuaci\u00f3 del cor Encantades a l\\'esgl\u00e9sia de Sant Jordi.&lt;\/p&gt;\\n","image":"https:\/\/cultura.santjosep.org\/wp-content\/uploads\/2021\/12\/corencantades.jpg","url":"https:\/\/cultura.santjosep.org\/es\/agenda\/actuacio-del-cor-encantades\/","eventAttendanceMode":"https:\/\/schema.org\/OfflineEventAttendanceMode","eventStatus":"https:\/\/schema.org\/EventScheduled","startDate":"2021-12-18T20:00:00+01:00","endDate":"2021-12-18T20:00:00+01:00","location":{"@type":"Place","name":"Esgl\u00e9sia de Sant Jordi","description":"","url":"https:\/\/cultura.santjosep.org\/local\/esglesia-de-sant-jordi\/","address":{"@type":"PostalAddress","addressLocality":"Sant Jordi de Ses Salines","addressCountry":"Espa\u00f1a"},"telephone":"","sameAs":""},"performer":"Organization"},"is_virtual":false,"virtual_url":null,"virtual_video_source":""}